{"id":861,"date":"2023-03-29T21:08:50","date_gmt":"2023-03-29T21:08:50","guid":{"rendered":"https:\/\/rockandsports.com.ar\/?p=861"},"modified":"2023-03-29T21:08:50","modified_gmt":"2023-03-29T21:08:50","slug":"el-negro-bandeno-recibe-a-un-golpeado-comunicaciones","status":"publish","type":"post","link":"https:\/\/rockandsports.com.ar\/index.php\/2023\/03\/29\/el-negro-bandeno-recibe-a-un-golpeado-comunicaciones\/","title":{"rendered":"El Negro bande\u00f1o recibe a un golpeado Comunicaciones"},"content":{"rendered":"\n<p>Ol\u00edmpico recibe esta noche a Comunicaciones en el Vicente Rosales por una nueva fecha de la Liga Nacional de Basquet a partir de las 22 hs.<\/p>\n\n\n\n<p>El negro bande\u00f1o viene de perder ante Obera, 83-80 en condici\u00f3n visitante, necesita ganar este encuentro para no perder el rumbo hacia los puestos de arriba de la tabla de posiciones. Mientras que Comunicaciones viene de perder ante Quimsa el pasado lunes.<\/p>\n\n\n\n<p>Los \u00e1rbitros que estar a cargo del encuentro ser\u00e1n, Juan Fern\u00e1ndez, Rodrigo Castillo y Fabio Alaniz.<\/p>\n","protected":false},"excerpt":{"rendered":"<p>Ol\u00edmpico recibe esta noche a Comunicaciones en el Vicente Rosales por una nueva fecha de la Liga Nacional de Basquet<\/p>\n","protected":false},"author":4,"featured_media":0,"comment_status":"open","ping_status":"open","sticky":false,"template":"","format":"standard","meta":{"footnotes":""},"categories":[5,4,6],"tags":[48,77,49],"class_list":["post-861","post","type-post","status-publish","format-standard","hentry","category-basket","category-deporte","category-noticias","tag-basquet","tag-liga-nacional","tag-olimpico"],"yoast_head":"<!-- This site is optimized with the Yoast SEO plugin v23.8 - https:\/\/yoast.com\/wordpress\/plugins\/seo\/ -->\n<title>El Negro bande\u00f1o recibe a un golpeado Comunicaciones - Radio Rock and Sports<\/title>\n<meta name=\"robots\" content=\"index, follow, max-snippet:-1, max-image-preview:large, max-video-preview:-1\" \/>\n<link rel=\"canonical\" href=\"https:\/\/rockandsports.com.ar\/index.php\/2023\/03\/29\/el-negro-bandeno-recibe-a-un-golpeado-comunicaciones\/\" \/>\n<meta property=\"og:locale\" content=\"en_US\" \/>\n<meta property=\"og:type\" content=\"article\" \/>\n<meta property=\"og:title\" content=\"El Negro bande\u00f1o recibe a un golpeado Comunicaciones - Radio Rock and Sports\" \/>\n<meta property=\"og:description\" content=\"Ol\u00edmpico recibe esta noche a Comunicaciones en el Vicente Rosales por una nueva fecha de la Liga Nacional de Basquet\" \/>\n<meta property=\"og:url\" content=\"https:\/\/rockandsports.com.ar\/index.php\/2023\/03\/29\/el-negro-bandeno-recibe-a-un-golpeado-comunicaciones\/\" \/>\n<meta property=\"og:site_name\" content=\"Radio Rock and Sports\" \/>\n<meta property=\"article:published_time\" content=\"2023-03-29T21:08:50+00:00\" \/>\n<meta property=\"og:image\" content=\"https:\/\/rockandsports.com.ar\/wp-content\/uploads\/2023\/03\/n_1445741644.jpg\" \/>\n\t<meta property=\"og:image:width\" content=\"640\" \/>\n\t<meta property=\"og:image:height\" content=\"360\" \/>\n\t<meta property=\"og:image:type\" content=\"image\/jpeg\" \/>\n<meta name=\"author\" content=\"Martin Campo\" \/>\n<meta name=\"twitter:card\" content=\"summary_large_image\" \/>\n<meta name=\"twitter:label1\" content=\"Written by\" \/>\n\t<meta name=\"twitter:data1\" content=\"Martin Campo\" \/>\n<script type=\"application\/ld+json\" class=\"yoast-schema-graph\">{\"@context\":\"https:\/\/schema.org\",\"@graph\":[{\"@type\":\"WebPage\",\"@id\":\"https:\/\/rockandsports.com.ar\/index.php\/2023\/03\/29\/el-negro-bandeno-recibe-a-un-golpeado-comunicaciones\/\",\"url\":\"https:\/\/rockandsports.com.ar\/index.php\/2023\/03\/29\/el-negro-bandeno-recibe-a-un-golpeado-comunicaciones\/\",\"name\":\"El Negro bande\u00f1o recibe a un golpeado Comunicaciones - Radio Rock and Sports\",\"isPartOf\":{\"@id\":\"https:\/\/rockandsports.com.ar\/#website\"},\"datePublished\":\"2023-03-29T21:08:50+00:00\",\"dateModified\":\"2023-03-29T21:08:50+00:00\",\"author\":{\"@id\":\"https:\/\/rockandsports.com.ar\/#\/schema\/person\/b8fe5cae2a04cbff6a8561d60ee04157\"},\"breadcrumb\":{\"@id\":\"https:\/\/rockandsports.com.ar\/index.php\/2023\/03\/29\/el-negro-bandeno-recibe-a-un-golpeado-comunicaciones\/#breadcrumb\"},\"inLanguage\":\"en-US\",\"potentialAction\":[{\"@type\":\"ReadAction\",\"target\":[\"https:\/\/rockandsports.com.ar\/index.php\/2023\/03\/29\/el-negro-bandeno-recibe-a-un-golpeado-comunicaciones\/\"]}]},{\"@type\":\"BreadcrumbList\",\"@id\":\"https:\/\/rockandsports.com.ar\/index.php\/2023\/03\/29\/el-negro-bandeno-recibe-a-un-golpeado-comunicaciones\/#breadcrumb\",\"itemListElement\":[{\"@type\":\"ListItem\",\"position\":1,\"name\":\"Portada\",\"item\":\"https:\/\/rockandsports.com.ar\/\"},{\"@type\":\"ListItem\",\"position\":2,\"name\":\"El Negro bande\u00f1o recibe a un golpeado Comunicaciones\"}]},{\"@type\":\"WebSite\",\"@id\":\"https:\/\/rockandsports.com.ar\/#website\",\"url\":\"https:\/\/rockandsports.com.ar\/\",\"name\":\"Radio Rock and Sports\",\"description\":\"\",\"potentialAction\":[{\"@type\":\"SearchAction\",\"target\":{\"@type\":\"EntryPoint\",\"urlTemplate\":\"https:\/\/rockandsports.com.ar\/?s={search_term_string}\"},\"query-input\":{\"@type\":\"PropertyValueSpecification\",\"valueRequired\":true,\"valueName\":\"search_term_string\"}}],\"inLanguage\":\"en-US\"},{\"@type\":\"Person\",\"@id\":\"https:\/\/rockandsports.com.ar\/#\/schema\/person\/b8fe5cae2a04cbff6a8561d60ee04157\",\"name\":\"Martin Campo\",\"image\":{\"@type\":\"ImageObject\",\"inLanguage\":\"en-US\",\"@id\":\"https:\/\/rockandsports.com.ar\/#\/schema\/person\/image\/\",\"url\":\"https:\/\/secure.gravatar.com\/avatar\/223cfe0932b36f81a912f199fd08a6fe?s=96&d=retro&r=g\",\"contentUrl\":\"https:\/\/secure.gravatar.com\/avatar\/223cfe0932b36f81a912f199fd08a6fe?s=96&d=retro&r=g\",\"caption\":\"Martin Campo\"},\"url\":\"https:\/\/rockandsports.com.ar\/index.php\/author\/mcampo\/\"}]}<\/script>\n<!-- \/ Yoast SEO plugin. -->","yoast_head_json":{"title":"El Negro bande\u00f1o recibe a un golpeado Comunicaciones - Radio Rock and Sports","robots":{"index":"index","follow":"follow","max-snippet":"max-snippet:-1","max-image-preview":"max-image-preview:large","max-video-preview":"max-video-preview:-1"},"canonical":"https:\/\/rockandsports.com.ar\/index.php\/2023\/03\/29\/el-negro-bandeno-recibe-a-un-golpeado-comunicaciones\/","og_locale":"en_US","og_type":"article","og_title":"El Negro bande\u00f1o recibe a un golpeado Comunicaciones - Radio Rock and Sports","og_description":"Ol\u00edmpico recibe esta noche a Comunicaciones en el Vicente Rosales por una nueva fecha de la Liga Nacional de Basquet","og_url":"https:\/\/rockandsports.com.ar\/index.php\/2023\/03\/29\/el-negro-bandeno-recibe-a-un-golpeado-comunicaciones\/","og_site_name":"Radio Rock and Sports","article_published_time":"2023-03-29T21:08:50+00:00","og_image":[{"width":640,"height":360,"url":"https:\/\/rockandsports.com.ar\/wp-content\/uploads\/2023\/03\/n_1445741644.jpg","type":"image\/jpeg"}],"author":"Martin Campo","twitter_card":"summary_large_image","twitter_misc":{"Written by":"Martin Campo"},"schema":{"@context":"https:\/\/schema.org","@graph":[{"@type":"WebPage","@id":"https:\/\/rockandsports.com.ar\/index.php\/2023\/03\/29\/el-negro-bandeno-recibe-a-un-golpeado-comunicaciones\/","url":"https:\/\/rockandsports.com.ar\/index.php\/2023\/03\/29\/el-negro-bandeno-recibe-a-un-golpeado-comunicaciones\/","name":"El Negro bande\u00f1o recibe a un golpeado Comunicaciones - Radio Rock and Sports","isPartOf":{"@id":"https:\/\/rockandsports.com.ar\/#website"},"datePublished":"2023-03-29T21:08:50+00:00","dateModified":"2023-03-29T21:08:50+00:00","author":{"@id":"https:\/\/rockandsports.com.ar\/#\/schema\/person\/b8fe5cae2a04cbff6a8561d60ee04157"},"breadcrumb":{"@id":"https:\/\/rockandsports.com.ar\/index.php\/2023\/03\/29\/el-negro-bandeno-recibe-a-un-golpeado-comunicaciones\/#breadcrumb"},"inLanguage":"en-US","potentialAction":[{"@type":"ReadAction","target":["https:\/\/rockandsports.com.ar\/index.php\/2023\/03\/29\/el-negro-bandeno-recibe-a-un-golpeado-comunicaciones\/"]}]},{"@type":"BreadcrumbList","@id":"https:\/\/rockandsports.com.ar\/index.php\/2023\/03\/29\/el-negro-bandeno-recibe-a-un-golpeado-comunicaciones\/#breadcrumb","itemListElement":[{"@type":"ListItem","position":1,"name":"Portada","item":"https:\/\/rockandsports.com.ar\/"},{"@type":"ListItem","position":2,"name":"El Negro bande\u00f1o recibe a un golpeado Comunicaciones"}]},{"@type":"WebSite","@id":"https:\/\/rockandsports.com.ar\/#website","url":"https:\/\/rockandsports.com.ar\/","name":"Radio Rock and Sports","description":"","potentialAction":[{"@type":"SearchAction","target":{"@type":"EntryPoint","urlTemplate":"https:\/\/rockandsports.com.ar\/?s={search_term_string}"},"query-input":{"@type":"PropertyValueSpecification","valueRequired":true,"valueName":"search_term_string"}}],"inLanguage":"en-US"},{"@type":"Person","@id":"https:\/\/rockandsports.com.ar\/#\/schema\/person\/b8fe5cae2a04cbff6a8561d60ee04157","name":"Martin Campo","image":{"@type":"ImageObject","inLanguage":"en-US","@id":"https:\/\/rockandsports.com.ar\/#\/schema\/person\/image\/","url":"https:\/\/secure.gravatar.com\/avatar\/223cfe0932b36f81a912f199fd08a6fe?s=96&d=retro&r=g","contentUrl":"https:\/\/secure.gravatar.com\/avatar\/223cfe0932b36f81a912f199fd08a6fe?s=96&d=retro&r=g","caption":"Martin Campo"},"url":"https:\/\/rockandsports.com.ar\/index.php\/author\/mcampo\/"}]}},"_links":{"self":[{"href":"https:\/\/rockandsports.com.ar\/index.php\/wp-json\/wp\/v2\/posts\/861","targetHints":{"allow":["GET"]}}],"collection":[{"href":"https:\/\/rockandsports.com.ar\/index.php\/wp-json\/wp\/v2\/posts"}],"about":[{"href":"https:\/\/rockandsports.com.ar\/index.php\/wp-json\/wp\/v2\/types\/post"}],"author":[{"embeddable":true,"href":"https:\/\/rockandsports.com.ar\/index.php\/wp-json\/wp\/v2\/users\/4"}],"replies":[{"embeddable":true,"href":"https:\/\/rockandsports.com.ar\/index.php\/wp-json\/wp\/v2\/comments?post=861"}],"version-history":[{"count":1,"href":"https:\/\/rockandsports.com.ar\/index.php\/wp-json\/wp\/v2\/posts\/861\/revisions"}],"predecessor-version":[{"id":863,"href":"https:\/\/rockandsports.com.ar\/index.php\/wp-json\/wp\/v2\/posts\/861\/revisions\/863"}],"wp:attachment":[{"href":"https:\/\/rockandsports.com.ar\/index.php\/wp-json\/wp\/v2\/media?parent=861"}],"wp:term":[{"taxonomy":"category","embeddable":true,"href":"https:\/\/rockandsports.com.ar\/index.php\/wp-json\/wp\/v2\/categories?post=861"},{"taxonomy":"post_tag","embeddable":true,"href":"https:\/\/rockandsports.com.ar\/index.php\/wp-json\/wp\/v2\/tags?post=861"}],"curies":[{"name":"wp","href":"https:\/\/api.w.org\/{rel}","templated":true}]}}