{"id":729,"date":"2023-03-26T00:21:33","date_gmt":"2023-03-26T00:21:33","guid":{"rendered":"https:\/\/rockandsports.com.ar\/?p=729"},"modified":"2023-03-26T00:21:33","modified_gmt":"2023-03-26T00:21:33","slug":"respira-ibarra-boca-gano-con-lo-justo-para-pasar-de-fase-en-copa-argentina","status":"publish","type":"post","link":"https:\/\/rockandsports.com.ar\/index.php\/2023\/03\/26\/respira-ibarra-boca-gano-con-lo-justo-para-pasar-de-fase-en-copa-argentina\/","title":{"rendered":"Respira Ibarra: Boca gan\u00f3 con lo justo para pasar de fase en Copa Argentina"},"content":{"rendered":"\n<p>El equipo xeneize logr\u00f3 ganar en Chaco, y de esta manera clasificarse a los 16 avos de final de la Copa m\u00e1s federal del pa\u00eds. <\/p>\n\n\n\n<p><strong>Boca le gan\u00f3 2-1 a<\/strong>\u00a0<strong>Olimpo\u00a0<\/strong>en el Estadio Centenario de Chaco, por los 32avos de final de la<strong>\u00a0Copa Argentina<\/strong>, con goles de Agust\u00edn\u00a0<strong>S\u00e1ndez<\/strong>\u00a0y Dar\u00edo\u00a0<strong>Benedetto<\/strong>. Descont\u00f3 Nadir\u00a0<strong>Hadad\u00a0<\/strong>para el Aurinegro. As\u00ed, el Xeneize se qued\u00f3 con un partido trascendental para el futuro del entrenador xeneize, Hugo Ibarra, tras una semana en la cuerda floja luego de dos derrotas al hilo. En 16avos, enfrentar\u00e1 al ganador del cruce entre Barracas Central y Estudiantes (BA).\u00a0A continuaci\u00f3n, reviv\u00ed lo mejor del encuentro.<\/p>\n\n\n\n<p><\/p>\n\n\n\n<p>En un primer tiempo discreto, sin grandes asociaciones ni chances claras para ninguno,&nbsp;<strong>Agust\u00edn S\u00e1ndez clav\u00f3 un golazo de otro partido<\/strong>. A los 36&#8242;, tom\u00f3 la pelota en el v\u00e9rtice del \u00e1rea, tir\u00f3 una pared con Dar\u00edo&nbsp;<strong>Benedetto&nbsp;<\/strong>y, dentro de la medialuna, sac\u00f3 un<strong>&nbsp;derechazo impresionante que se meti\u00f3 en el segundo palo<\/strong>&nbsp;de Mart\u00edn&nbsp;<strong>Garc\u00eda<\/strong>.<\/p>\n","protected":false},"excerpt":{"rendered":"<p>El equipo xeneize logr\u00f3 ganar en Chaco, y de esta manera clasificarse a los 16 avos de final de la<\/p>\n","protected":false},"author":5,"featured_media":0,"comment_status":"open","ping_status":"open","sticky":false,"template":"","format":"standard","meta":{"footnotes":""},"categories":[4,8],"tags":[],"class_list":["post-729","post","type-post","status-publish","format-standard","hentry","category-deporte","category-futbol"],"yoast_head":"<!-- This site is optimized with the Yoast SEO plugin v23.8 - https:\/\/yoast.com\/wordpress\/plugins\/seo\/ -->\n<title>Respira Ibarra: Boca gan\u00f3 con lo justo para pasar de fase en Copa Argentina - Radio Rock and Sports<\/title>\n<meta name=\"robots\" content=\"index, follow, max-snippet:-1, max-image-preview:large, max-video-preview:-1\" \/>\n<link rel=\"canonical\" href=\"https:\/\/rockandsports.com.ar\/index.php\/2023\/03\/26\/respira-ibarra-boca-gano-con-lo-justo-para-pasar-de-fase-en-copa-argentina\/\" \/>\n<meta property=\"og:locale\" content=\"en_US\" \/>\n<meta property=\"og:type\" content=\"article\" \/>\n<meta property=\"og:title\" content=\"Respira Ibarra: Boca gan\u00f3 con lo justo para pasar de fase en Copa Argentina - Radio Rock and Sports\" \/>\n<meta property=\"og:description\" content=\"El equipo xeneize logr\u00f3 ganar en Chaco, y de esta manera clasificarse a los 16 avos de final de la\" \/>\n<meta property=\"og:url\" content=\"https:\/\/rockandsports.com.ar\/index.php\/2023\/03\/26\/respira-ibarra-boca-gano-con-lo-justo-para-pasar-de-fase-en-copa-argentina\/\" \/>\n<meta property=\"og:site_name\" content=\"Radio Rock and Sports\" \/>\n<meta property=\"article:published_time\" content=\"2023-03-26T00:21:33+00:00\" \/>\n<meta property=\"og:image\" content=\"http:\/\/rockandsports.com.ar\/wp-content\/uploads\/2023\/03\/cFIYc-7Cd_360x240__1.jpg\" \/>\n\t<meta property=\"og:image:width\" content=\"360\" \/>\n\t<meta property=\"og:image:height\" content=\"240\" \/>\n\t<meta property=\"og:image:type\" content=\"image\/jpeg\" \/>\n<meta name=\"author\" content=\"Gustavo Fares\" \/>\n<meta name=\"twitter:card\" content=\"summary_large_image\" \/>\n<meta name=\"twitter:label1\" content=\"Written by\" \/>\n\t<meta name=\"twitter:data1\" content=\"Gustavo Fares\" \/>\n\t<meta name=\"twitter:label2\" content=\"Est. reading time\" \/>\n\t<meta name=\"twitter:data2\" content=\"1 minute\" \/>\n<script type=\"application\/ld+json\" class=\"yoast-schema-graph\">{\"@context\":\"https:\/\/schema.org\",\"@graph\":[{\"@type\":\"WebPage\",\"@id\":\"https:\/\/rockandsports.com.ar\/index.php\/2023\/03\/26\/respira-ibarra-boca-gano-con-lo-justo-para-pasar-de-fase-en-copa-argentina\/\",\"url\":\"https:\/\/rockandsports.com.ar\/index.php\/2023\/03\/26\/respira-ibarra-boca-gano-con-lo-justo-para-pasar-de-fase-en-copa-argentina\/\",\"name\":\"Respira Ibarra: Boca gan\u00f3 con lo justo para pasar de fase en Copa Argentina - Radio Rock and Sports\",\"isPartOf\":{\"@id\":\"https:\/\/rockandsports.com.ar\/#website\"},\"datePublished\":\"2023-03-26T00:21:33+00:00\",\"dateModified\":\"2023-03-26T00:21:33+00:00\",\"author\":{\"@id\":\"https:\/\/rockandsports.com.ar\/#\/schema\/person\/0eeb74d093e36ea94f2de24758c943ce\"},\"breadcrumb\":{\"@id\":\"https:\/\/rockandsports.com.ar\/index.php\/2023\/03\/26\/respira-ibarra-boca-gano-con-lo-justo-para-pasar-de-fase-en-copa-argentina\/#breadcrumb\"},\"inLanguage\":\"en-US\",\"potentialAction\":[{\"@type\":\"ReadAction\",\"target\":[\"https:\/\/rockandsports.com.ar\/index.php\/2023\/03\/26\/respira-ibarra-boca-gano-con-lo-justo-para-pasar-de-fase-en-copa-argentina\/\"]}]},{\"@type\":\"BreadcrumbList\",\"@id\":\"https:\/\/rockandsports.com.ar\/index.php\/2023\/03\/26\/respira-ibarra-boca-gano-con-lo-justo-para-pasar-de-fase-en-copa-argentina\/#breadcrumb\",\"itemListElement\":[{\"@type\":\"ListItem\",\"position\":1,\"name\":\"Portada\",\"item\":\"https:\/\/rockandsports.com.ar\/\"},{\"@type\":\"ListItem\",\"position\":2,\"name\":\"Respira Ibarra: Boca gan\u00f3 con lo justo para pasar de fase en Copa Argentina\"}]},{\"@type\":\"WebSite\",\"@id\":\"https:\/\/rockandsports.com.ar\/#website\",\"url\":\"https:\/\/rockandsports.com.ar\/\",\"name\":\"Radio Rock and Sports\",\"description\":\"\",\"potentialAction\":[{\"@type\":\"SearchAction\",\"target\":{\"@type\":\"EntryPoint\",\"urlTemplate\":\"https:\/\/rockandsports.com.ar\/?s={search_term_string}\"},\"query-input\":{\"@type\":\"PropertyValueSpecification\",\"valueRequired\":true,\"valueName\":\"search_term_string\"}}],\"inLanguage\":\"en-US\"},{\"@type\":\"Person\",\"@id\":\"https:\/\/rockandsports.com.ar\/#\/schema\/person\/0eeb74d093e36ea94f2de24758c943ce\",\"name\":\"Gustavo Fares\",\"image\":{\"@type\":\"ImageObject\",\"inLanguage\":\"en-US\",\"@id\":\"https:\/\/rockandsports.com.ar\/#\/schema\/person\/image\/\",\"url\":\"https:\/\/secure.gravatar.com\/avatar\/471d237616c942468436419ec4923fbf?s=96&d=retro&r=g\",\"contentUrl\":\"https:\/\/secure.gravatar.com\/avatar\/471d237616c942468436419ec4923fbf?s=96&d=retro&r=g\",\"caption\":\"Gustavo Fares\"},\"url\":\"https:\/\/rockandsports.com.ar\/index.php\/author\/gfares\/\"}]}<\/script>\n<!-- \/ Yoast SEO plugin. -->","yoast_head_json":{"title":"Respira Ibarra: Boca gan\u00f3 con lo justo para pasar de fase en Copa Argentina - Radio Rock and Sports","robots":{"index":"index","follow":"follow","max-snippet":"max-snippet:-1","max-image-preview":"max-image-preview:large","max-video-preview":"max-video-preview:-1"},"canonical":"https:\/\/rockandsports.com.ar\/index.php\/2023\/03\/26\/respira-ibarra-boca-gano-con-lo-justo-para-pasar-de-fase-en-copa-argentina\/","og_locale":"en_US","og_type":"article","og_title":"Respira Ibarra: Boca gan\u00f3 con lo justo para pasar de fase en Copa Argentina - Radio Rock and Sports","og_description":"El equipo xeneize logr\u00f3 ganar en Chaco, y de esta manera clasificarse a los 16 avos de final de la","og_url":"https:\/\/rockandsports.com.ar\/index.php\/2023\/03\/26\/respira-ibarra-boca-gano-con-lo-justo-para-pasar-de-fase-en-copa-argentina\/","og_site_name":"Radio Rock and Sports","article_published_time":"2023-03-26T00:21:33+00:00","og_image":[{"width":360,"height":240,"url":"http:\/\/rockandsports.com.ar\/wp-content\/uploads\/2023\/03\/cFIYc-7Cd_360x240__1.jpg","type":"image\/jpeg"}],"author":"Gustavo Fares","twitter_card":"summary_large_image","twitter_misc":{"Written by":"Gustavo Fares","Est. reading time":"1 minute"},"schema":{"@context":"https:\/\/schema.org","@graph":[{"@type":"WebPage","@id":"https:\/\/rockandsports.com.ar\/index.php\/2023\/03\/26\/respira-ibarra-boca-gano-con-lo-justo-para-pasar-de-fase-en-copa-argentina\/","url":"https:\/\/rockandsports.com.ar\/index.php\/2023\/03\/26\/respira-ibarra-boca-gano-con-lo-justo-para-pasar-de-fase-en-copa-argentina\/","name":"Respira Ibarra: Boca gan\u00f3 con lo justo para pasar de fase en Copa Argentina - Radio Rock and Sports","isPartOf":{"@id":"https:\/\/rockandsports.com.ar\/#website"},"datePublished":"2023-03-26T00:21:33+00:00","dateModified":"2023-03-26T00:21:33+00:00","author":{"@id":"https:\/\/rockandsports.com.ar\/#\/schema\/person\/0eeb74d093e36ea94f2de24758c943ce"},"breadcrumb":{"@id":"https:\/\/rockandsports.com.ar\/index.php\/2023\/03\/26\/respira-ibarra-boca-gano-con-lo-justo-para-pasar-de-fase-en-copa-argentina\/#breadcrumb"},"inLanguage":"en-US","potentialAction":[{"@type":"ReadAction","target":["https:\/\/rockandsports.com.ar\/index.php\/2023\/03\/26\/respira-ibarra-boca-gano-con-lo-justo-para-pasar-de-fase-en-copa-argentina\/"]}]},{"@type":"BreadcrumbList","@id":"https:\/\/rockandsports.com.ar\/index.php\/2023\/03\/26\/respira-ibarra-boca-gano-con-lo-justo-para-pasar-de-fase-en-copa-argentina\/#breadcrumb","itemListElement":[{"@type":"ListItem","position":1,"name":"Portada","item":"https:\/\/rockandsports.com.ar\/"},{"@type":"ListItem","position":2,"name":"Respira Ibarra: Boca gan\u00f3 con lo justo para pasar de fase en Copa Argentina"}]},{"@type":"WebSite","@id":"https:\/\/rockandsports.com.ar\/#website","url":"https:\/\/rockandsports.com.ar\/","name":"Radio Rock and Sports","description":"","potentialAction":[{"@type":"SearchAction","target":{"@type":"EntryPoint","urlTemplate":"https:\/\/rockandsports.com.ar\/?s={search_term_string}"},"query-input":{"@type":"PropertyValueSpecification","valueRequired":true,"valueName":"search_term_string"}}],"inLanguage":"en-US"},{"@type":"Person","@id":"https:\/\/rockandsports.com.ar\/#\/schema\/person\/0eeb74d093e36ea94f2de24758c943ce","name":"Gustavo Fares","image":{"@type":"ImageObject","inLanguage":"en-US","@id":"https:\/\/rockandsports.com.ar\/#\/schema\/person\/image\/","url":"https:\/\/secure.gravatar.com\/avatar\/471d237616c942468436419ec4923fbf?s=96&d=retro&r=g","contentUrl":"https:\/\/secure.gravatar.com\/avatar\/471d237616c942468436419ec4923fbf?s=96&d=retro&r=g","caption":"Gustavo Fares"},"url":"https:\/\/rockandsports.com.ar\/index.php\/author\/gfares\/"}]}},"_links":{"self":[{"href":"https:\/\/rockandsports.com.ar\/index.php\/wp-json\/wp\/v2\/posts\/729","targetHints":{"allow":["GET"]}}],"collection":[{"href":"https:\/\/rockandsports.com.ar\/index.php\/wp-json\/wp\/v2\/posts"}],"about":[{"href":"https:\/\/rockandsports.com.ar\/index.php\/wp-json\/wp\/v2\/types\/post"}],"author":[{"embeddable":true,"href":"https:\/\/rockandsports.com.ar\/index.php\/wp-json\/wp\/v2\/users\/5"}],"replies":[{"embeddable":true,"href":"https:\/\/rockandsports.com.ar\/index.php\/wp-json\/wp\/v2\/comments?post=729"}],"version-history":[{"count":1,"href":"https:\/\/rockandsports.com.ar\/index.php\/wp-json\/wp\/v2\/posts\/729\/revisions"}],"predecessor-version":[{"id":731,"href":"https:\/\/rockandsports.com.ar\/index.php\/wp-json\/wp\/v2\/posts\/729\/revisions\/731"}],"wp:attachment":[{"href":"https:\/\/rockandsports.com.ar\/index.php\/wp-json\/wp\/v2\/media?parent=729"}],"wp:term":[{"taxonomy":"category","embeddable":true,"href":"https:\/\/rockandsports.com.ar\/index.php\/wp-json\/wp\/v2\/categories?post=729"},{"taxonomy":"post_tag","embeddable":true,"href":"https:\/\/rockandsports.com.ar\/index.php\/wp-json\/wp\/v2\/tags?post=729"}],"curies":[{"name":"wp","href":"https:\/\/api.w.org\/{rel}","templated":true}]}}