{"id":658,"date":"2023-03-22T11:22:42","date_gmt":"2023-03-22T11:22:42","guid":{"rendered":"https:\/\/rockandsports.com.ar\/?p=658"},"modified":"2023-03-22T11:34:36","modified_gmt":"2023-03-22T11:34:36","slug":"central-cordoba-padecio-a-velez-y-corto-su-buena-racha","status":"publish","type":"post","link":"https:\/\/rockandsports.com.ar\/index.php\/2023\/03\/22\/central-cordoba-padecio-a-velez-y-corto-su-buena-racha\/","title":{"rendered":"Central C\u00f3rdoba padeci\u00f3 a V\u00e9lez y cort\u00f3 su buena racha"},"content":{"rendered":"\n<p>En una noche para el olvido, el &#8220;ferro&#8221; cay\u00f3 derrotado por 4 a 0 ante el equipo del Tigre Gareca. <\/p>\n\n\n\n<p>Central C\u00f3rdoba sufri\u00f3 el buen juego del V\u00e9lez de Gareca y perdi\u00f3 por 4 a 0 en el Amalfitani, cerrando la fecha 8. Lucas Pratto, Abiel Osorio, Juli\u00e1n Fern\u00e1ndez y Gianluca Prestiniani marcaron los goles. <\/p>\n\n\n\n<p>En el primer tiempo, el equipo dirigido por Leonardo Madelon no pudo hacer pie en el partido, cedi\u00f3 la pelota al rival y V\u00e9lez supo aprovechar, manejando la pelota con criterio. A los 17&#8242; Lucas Pratto remat\u00f3 de zurda dentro del \u00e1rea al palo izquierdo del arquero para poner en ventaja a los locales. Con la ventaja se fueron al descanso. <\/p>\n\n\n\n<p>En la segunda parte, jugando con el resultado a su favor y el nerviosismo de Central, el fort\u00edn supo aprovechar los errores defensivos. A los 53&#8242; Osorio convirti\u00f3 el segundo tras un lanzamiento desde el lateral, mala cobertura de Pereyra y definici\u00f3n ante la salida de M. Ledesma. El tercero fue un blooper, el guardameta, en el af\u00e1n de despejar la pelota le apunt\u00f3 al rival en quien se estrell\u00f3 el esf\u00e9rico y se fue bajo los tres palos. Al cierre del encuentro, Gianluca Prestiniani defini\u00f3 tras una buena contra, para poner cifras definitivas. <\/p>\n\n\n\n<p>Al final del partido el entrenador Leonardo Madelon no brind\u00f3 declaraciones a la prensa. <\/p>\n\n\n\n<p>La pr\u00f3xima fecha Central C\u00f3rdoba recibir\u00e1 el lunes 3\/4 a Arsenal en Santiago del Estero.<\/p>\n","protected":false},"excerpt":{"rendered":"<p>En una noche para el olvido, el &#8220;ferro&#8221; cay\u00f3 derrotado por 4 a 0 ante el equipo del Tigre Gareca.<\/p>\n","protected":false},"author":5,"featured_media":0,"comment_status":"open","ping_status":"open","sticky":false,"template":"","format":"standard","meta":{"footnotes":""},"categories":[4,8],"tags":[],"class_list":["post-658","post","type-post","status-publish","format-standard","hentry","category-deporte","category-futbol"],"yoast_head":"<!-- This site is optimized with the Yoast SEO plugin v23.8 - https:\/\/yoast.com\/wordpress\/plugins\/seo\/ -->\n<title>Central C\u00f3rdoba padeci\u00f3 a V\u00e9lez y cort\u00f3 su buena racha - Radio Rock and Sports<\/title>\n<meta name=\"robots\" content=\"index, follow, max-snippet:-1, max-image-preview:large, max-video-preview:-1\" \/>\n<link rel=\"canonical\" href=\"https:\/\/rockandsports.com.ar\/index.php\/2023\/03\/22\/central-cordoba-padecio-a-velez-y-corto-su-buena-racha\/\" \/>\n<meta property=\"og:locale\" content=\"en_US\" \/>\n<meta property=\"og:type\" content=\"article\" \/>\n<meta property=\"og:title\" content=\"Central C\u00f3rdoba padeci\u00f3 a V\u00e9lez y cort\u00f3 su buena racha - Radio Rock and Sports\" \/>\n<meta property=\"og:description\" content=\"En una noche para el olvido, el &#8220;ferro&#8221; cay\u00f3 derrotado por 4 a 0 ante el equipo del Tigre Gareca.\" \/>\n<meta property=\"og:url\" content=\"https:\/\/rockandsports.com.ar\/index.php\/2023\/03\/22\/central-cordoba-padecio-a-velez-y-corto-su-buena-racha\/\" \/>\n<meta property=\"og:site_name\" content=\"Radio Rock and Sports\" \/>\n<meta property=\"article:published_time\" content=\"2023-03-22T11:22:42+00:00\" \/>\n<meta property=\"article:modified_time\" content=\"2023-03-22T11:34:36+00:00\" \/>\n<meta property=\"og:image\" content=\"https:\/\/rockandsports.com.ar\/wp-content\/uploads\/2023\/03\/WhatsApp-Image-2023-03-21-at-22.52.48.jpeg\" \/>\n\t<meta property=\"og:image:width\" content=\"1600\" \/>\n\t<meta property=\"og:image:height\" content=\"1125\" \/>\n\t<meta property=\"og:image:type\" content=\"image\/jpeg\" \/>\n<meta name=\"author\" content=\"Gustavo Fares\" \/>\n<meta name=\"twitter:card\" content=\"summary_large_image\" \/>\n<meta name=\"twitter:label1\" content=\"Written by\" \/>\n\t<meta name=\"twitter:data1\" content=\"Gustavo Fares\" \/>\n\t<meta name=\"twitter:label2\" content=\"Est. reading time\" \/>\n\t<meta name=\"twitter:data2\" content=\"1 minute\" \/>\n<script type=\"application\/ld+json\" class=\"yoast-schema-graph\">{\"@context\":\"https:\/\/schema.org\",\"@graph\":[{\"@type\":\"WebPage\",\"@id\":\"https:\/\/rockandsports.com.ar\/index.php\/2023\/03\/22\/central-cordoba-padecio-a-velez-y-corto-su-buena-racha\/\",\"url\":\"https:\/\/rockandsports.com.ar\/index.php\/2023\/03\/22\/central-cordoba-padecio-a-velez-y-corto-su-buena-racha\/\",\"name\":\"Central C\u00f3rdoba padeci\u00f3 a V\u00e9lez y cort\u00f3 su buena racha - Radio Rock and Sports\",\"isPartOf\":{\"@id\":\"https:\/\/rockandsports.com.ar\/#website\"},\"datePublished\":\"2023-03-22T11:22:42+00:00\",\"dateModified\":\"2023-03-22T11:34:36+00:00\",\"author\":{\"@id\":\"https:\/\/rockandsports.com.ar\/#\/schema\/person\/0eeb74d093e36ea94f2de24758c943ce\"},\"breadcrumb\":{\"@id\":\"https:\/\/rockandsports.com.ar\/index.php\/2023\/03\/22\/central-cordoba-padecio-a-velez-y-corto-su-buena-racha\/#breadcrumb\"},\"inLanguage\":\"en-US\",\"potentialAction\":[{\"@type\":\"ReadAction\",\"target\":[\"https:\/\/rockandsports.com.ar\/index.php\/2023\/03\/22\/central-cordoba-padecio-a-velez-y-corto-su-buena-racha\/\"]}]},{\"@type\":\"BreadcrumbList\",\"@id\":\"https:\/\/rockandsports.com.ar\/index.php\/2023\/03\/22\/central-cordoba-padecio-a-velez-y-corto-su-buena-racha\/#breadcrumb\",\"itemListElement\":[{\"@type\":\"ListItem\",\"position\":1,\"name\":\"Portada\",\"item\":\"https:\/\/rockandsports.com.ar\/\"},{\"@type\":\"ListItem\",\"position\":2,\"name\":\"Central C\u00f3rdoba padeci\u00f3 a V\u00e9lez y cort\u00f3 su buena racha\"}]},{\"@type\":\"WebSite\",\"@id\":\"https:\/\/rockandsports.com.ar\/#website\",\"url\":\"https:\/\/rockandsports.com.ar\/\",\"name\":\"Radio Rock and Sports\",\"description\":\"\",\"potentialAction\":[{\"@type\":\"SearchAction\",\"target\":{\"@type\":\"EntryPoint\",\"urlTemplate\":\"https:\/\/rockandsports.com.ar\/?s={search_term_string}\"},\"query-input\":{\"@type\":\"PropertyValueSpecification\",\"valueRequired\":true,\"valueName\":\"search_term_string\"}}],\"inLanguage\":\"en-US\"},{\"@type\":\"Person\",\"@id\":\"https:\/\/rockandsports.com.ar\/#\/schema\/person\/0eeb74d093e36ea94f2de24758c943ce\",\"name\":\"Gustavo Fares\",\"image\":{\"@type\":\"ImageObject\",\"inLanguage\":\"en-US\",\"@id\":\"https:\/\/rockandsports.com.ar\/#\/schema\/person\/image\/\",\"url\":\"https:\/\/secure.gravatar.com\/avatar\/471d237616c942468436419ec4923fbf?s=96&d=retro&r=g\",\"contentUrl\":\"https:\/\/secure.gravatar.com\/avatar\/471d237616c942468436419ec4923fbf?s=96&d=retro&r=g\",\"caption\":\"Gustavo Fares\"},\"url\":\"https:\/\/rockandsports.com.ar\/index.php\/author\/gfares\/\"}]}<\/script>\n<!-- \/ Yoast SEO plugin. -->","yoast_head_json":{"title":"Central C\u00f3rdoba padeci\u00f3 a V\u00e9lez y cort\u00f3 su buena racha - Radio Rock and Sports","robots":{"index":"index","follow":"follow","max-snippet":"max-snippet:-1","max-image-preview":"max-image-preview:large","max-video-preview":"max-video-preview:-1"},"canonical":"https:\/\/rockandsports.com.ar\/index.php\/2023\/03\/22\/central-cordoba-padecio-a-velez-y-corto-su-buena-racha\/","og_locale":"en_US","og_type":"article","og_title":"Central C\u00f3rdoba padeci\u00f3 a V\u00e9lez y cort\u00f3 su buena racha - Radio Rock and Sports","og_description":"En una noche para el olvido, el &#8220;ferro&#8221; cay\u00f3 derrotado por 4 a 0 ante el equipo del Tigre Gareca.","og_url":"https:\/\/rockandsports.com.ar\/index.php\/2023\/03\/22\/central-cordoba-padecio-a-velez-y-corto-su-buena-racha\/","og_site_name":"Radio Rock and Sports","article_published_time":"2023-03-22T11:22:42+00:00","article_modified_time":"2023-03-22T11:34:36+00:00","og_image":[{"width":1600,"height":1125,"url":"https:\/\/rockandsports.com.ar\/wp-content\/uploads\/2023\/03\/WhatsApp-Image-2023-03-21-at-22.52.48.jpeg","type":"image\/jpeg"}],"author":"Gustavo Fares","twitter_card":"summary_large_image","twitter_misc":{"Written by":"Gustavo Fares","Est. reading time":"1 minute"},"schema":{"@context":"https:\/\/schema.org","@graph":[{"@type":"WebPage","@id":"https:\/\/rockandsports.com.ar\/index.php\/2023\/03\/22\/central-cordoba-padecio-a-velez-y-corto-su-buena-racha\/","url":"https:\/\/rockandsports.com.ar\/index.php\/2023\/03\/22\/central-cordoba-padecio-a-velez-y-corto-su-buena-racha\/","name":"Central C\u00f3rdoba padeci\u00f3 a V\u00e9lez y cort\u00f3 su buena racha - Radio Rock and Sports","isPartOf":{"@id":"https:\/\/rockandsports.com.ar\/#website"},"datePublished":"2023-03-22T11:22:42+00:00","dateModified":"2023-03-22T11:34:36+00:00","author":{"@id":"https:\/\/rockandsports.com.ar\/#\/schema\/person\/0eeb74d093e36ea94f2de24758c943ce"},"breadcrumb":{"@id":"https:\/\/rockandsports.com.ar\/index.php\/2023\/03\/22\/central-cordoba-padecio-a-velez-y-corto-su-buena-racha\/#breadcrumb"},"inLanguage":"en-US","potentialAction":[{"@type":"ReadAction","target":["https:\/\/rockandsports.com.ar\/index.php\/2023\/03\/22\/central-cordoba-padecio-a-velez-y-corto-su-buena-racha\/"]}]},{"@type":"BreadcrumbList","@id":"https:\/\/rockandsports.com.ar\/index.php\/2023\/03\/22\/central-cordoba-padecio-a-velez-y-corto-su-buena-racha\/#breadcrumb","itemListElement":[{"@type":"ListItem","position":1,"name":"Portada","item":"https:\/\/rockandsports.com.ar\/"},{"@type":"ListItem","position":2,"name":"Central C\u00f3rdoba padeci\u00f3 a V\u00e9lez y cort\u00f3 su buena racha"}]},{"@type":"WebSite","@id":"https:\/\/rockandsports.com.ar\/#website","url":"https:\/\/rockandsports.com.ar\/","name":"Radio Rock and Sports","description":"","potentialAction":[{"@type":"SearchAction","target":{"@type":"EntryPoint","urlTemplate":"https:\/\/rockandsports.com.ar\/?s={search_term_string}"},"query-input":{"@type":"PropertyValueSpecification","valueRequired":true,"valueName":"search_term_string"}}],"inLanguage":"en-US"},{"@type":"Person","@id":"https:\/\/rockandsports.com.ar\/#\/schema\/person\/0eeb74d093e36ea94f2de24758c943ce","name":"Gustavo Fares","image":{"@type":"ImageObject","inLanguage":"en-US","@id":"https:\/\/rockandsports.com.ar\/#\/schema\/person\/image\/","url":"https:\/\/secure.gravatar.com\/avatar\/471d237616c942468436419ec4923fbf?s=96&d=retro&r=g","contentUrl":"https:\/\/secure.gravatar.com\/avatar\/471d237616c942468436419ec4923fbf?s=96&d=retro&r=g","caption":"Gustavo Fares"},"url":"https:\/\/rockandsports.com.ar\/index.php\/author\/gfares\/"}]}},"_links":{"self":[{"href":"https:\/\/rockandsports.com.ar\/index.php\/wp-json\/wp\/v2\/posts\/658","targetHints":{"allow":["GET"]}}],"collection":[{"href":"https:\/\/rockandsports.com.ar\/index.php\/wp-json\/wp\/v2\/posts"}],"about":[{"href":"https:\/\/rockandsports.com.ar\/index.php\/wp-json\/wp\/v2\/types\/post"}],"author":[{"embeddable":true,"href":"https:\/\/rockandsports.com.ar\/index.php\/wp-json\/wp\/v2\/users\/5"}],"replies":[{"embeddable":true,"href":"https:\/\/rockandsports.com.ar\/index.php\/wp-json\/wp\/v2\/comments?post=658"}],"version-history":[{"count":2,"href":"https:\/\/rockandsports.com.ar\/index.php\/wp-json\/wp\/v2\/posts\/658\/revisions"}],"predecessor-version":[{"id":662,"href":"https:\/\/rockandsports.com.ar\/index.php\/wp-json\/wp\/v2\/posts\/658\/revisions\/662"}],"wp:attachment":[{"href":"https:\/\/rockandsports.com.ar\/index.php\/wp-json\/wp\/v2\/media?parent=658"}],"wp:term":[{"taxonomy":"category","embeddable":true,"href":"https:\/\/rockandsports.com.ar\/index.php\/wp-json\/wp\/v2\/categories?post=658"},{"taxonomy":"post_tag","embeddable":true,"href":"https:\/\/rockandsports.com.ar\/index.php\/wp-json\/wp\/v2\/tags?post=658"}],"curies":[{"name":"wp","href":"https:\/\/api.w.org\/{rel}","templated":true}]}}