{"id":651,"date":"2023-03-21T21:44:00","date_gmt":"2023-03-21T21:44:00","guid":{"rendered":"https:\/\/rockandsports.com.ar\/?p=651"},"modified":"2023-03-21T21:44:00","modified_gmt":"2023-03-21T21:44:00","slug":"pablo-martel-fue-destituido-de-su-cargo-como-dt-de-chaco-for-ever","status":"publish","type":"post","link":"https:\/\/rockandsports.com.ar\/index.php\/2023\/03\/21\/pablo-martel-fue-destituido-de-su-cargo-como-dt-de-chaco-for-ever\/","title":{"rendered":"Pablo Martel fue destituido de su cargo como DT de Chaco For Ever"},"content":{"rendered":"\n<h3 class=\"has-medium-font-size wp-block-heading\">El\u00a0<a href=\"https:\/\/datachaco.com\/contenido\/151779\/for-ever-rescato-un-punto-sobre-el-final-ante-chacarita\">Club Atl\u00e9tico Chaco For Ever<\/a>\u00a0comunic\u00f3 que Pablo Martel, quien se desempe\u00f1aba como director t\u00e9cnico, Adri\u00e1n Gorostidi, ayudante de campo, y Bruno Singher, preparador f\u00edsico, no continuar\u00e1n al frente del primer equipo profesional.<\/h3>\n\n\n\n<p><strong><em>El comunicado: <\/em><\/strong><\/p>\n\n\n\n<p><strong>\u201cDesde nuestra instituci\u00f3n, agradecemos su dedicaci\u00f3n, profesionalismo y trabajo realizado, en compromiso con nuestro Club. Lamentablemente, los resultados no acompa\u00f1aron a las expectativas para esta temporada\u201d,<\/strong>\u00a0indicaron desde el club.<\/p>\n\n\n\n<p>Pablo Martel, de 36 a\u00f1os y oriundo de Santiago del Estero, fue anunciado oficialmente el 14 de noviembre, a trav\u00e9s de un comunicado emitido por las redes sociales del club. En una conferencia de prensa, el estratega estamp\u00f3 la firma del v\u00ednculo que lo un\u00eda a For Ever.<\/p>\n","protected":false},"excerpt":{"rendered":"<p>El\u00a0Club Atl\u00e9tico Chaco For Ever\u00a0comunic\u00f3 que Pablo Martel, quien se desempe\u00f1aba como director t\u00e9cnico, Adri\u00e1n Gorostidi, ayudante de campo, y<\/p>\n","protected":false},"author":5,"featured_media":0,"comment_status":"open","ping_status":"open","sticky":false,"template":"","format":"standard","meta":{"footnotes":""},"categories":[4,8],"tags":[21,37,34],"class_list":["post-651","post","type-post","status-publish","format-standard","hentry","category-deporte","category-futbol","tag-futbol","tag-futbolargentino","tag-primera-nacional"],"yoast_head":"<!-- This site is optimized with the Yoast SEO plugin v23.8 - https:\/\/yoast.com\/wordpress\/plugins\/seo\/ -->\n<title>Pablo Martel fue destituido de su cargo como DT de Chaco For Ever - Radio Rock and Sports<\/title>\n<meta name=\"robots\" content=\"index, follow, max-snippet:-1, max-image-preview:large, max-video-preview:-1\" \/>\n<link rel=\"canonical\" href=\"https:\/\/rockandsports.com.ar\/index.php\/2023\/03\/21\/pablo-martel-fue-destituido-de-su-cargo-como-dt-de-chaco-for-ever\/\" \/>\n<meta property=\"og:locale\" content=\"en_US\" \/>\n<meta property=\"og:type\" content=\"article\" \/>\n<meta property=\"og:title\" content=\"Pablo Martel fue destituido de su cargo como DT de Chaco For Ever - Radio Rock and Sports\" \/>\n<meta property=\"og:description\" content=\"El\u00a0Club Atl\u00e9tico Chaco For Ever\u00a0comunic\u00f3 que Pablo Martel, quien se desempe\u00f1aba como director t\u00e9cnico, Adri\u00e1n Gorostidi, ayudante de campo, y\" \/>\n<meta property=\"og:url\" content=\"https:\/\/rockandsports.com.ar\/index.php\/2023\/03\/21\/pablo-martel-fue-destituido-de-su-cargo-como-dt-de-chaco-for-ever\/\" \/>\n<meta property=\"og:site_name\" content=\"Radio Rock and Sports\" \/>\n<meta property=\"article:published_time\" content=\"2023-03-21T21:44:00+00:00\" \/>\n<meta property=\"og:image\" content=\"https:\/\/rockandsports.com.ar\/wp-content\/uploads\/2023\/03\/dt.jpg\" \/>\n\t<meta property=\"og:image:width\" content=\"1631\" \/>\n\t<meta property=\"og:image:height\" content=\"1083\" \/>\n\t<meta property=\"og:image:type\" content=\"image\/jpeg\" \/>\n<meta name=\"author\" content=\"Gustavo Fares\" \/>\n<meta name=\"twitter:card\" content=\"summary_large_image\" \/>\n<meta name=\"twitter:label1\" content=\"Written by\" \/>\n\t<meta name=\"twitter:data1\" content=\"Gustavo Fares\" \/>\n\t<meta name=\"twitter:label2\" content=\"Est. reading time\" \/>\n\t<meta name=\"twitter:data2\" content=\"1 minute\" \/>\n<script type=\"application\/ld+json\" class=\"yoast-schema-graph\">{\"@context\":\"https:\/\/schema.org\",\"@graph\":[{\"@type\":\"WebPage\",\"@id\":\"https:\/\/rockandsports.com.ar\/index.php\/2023\/03\/21\/pablo-martel-fue-destituido-de-su-cargo-como-dt-de-chaco-for-ever\/\",\"url\":\"https:\/\/rockandsports.com.ar\/index.php\/2023\/03\/21\/pablo-martel-fue-destituido-de-su-cargo-como-dt-de-chaco-for-ever\/\",\"name\":\"Pablo Martel fue destituido de su cargo como DT de Chaco For Ever - Radio Rock and Sports\",\"isPartOf\":{\"@id\":\"https:\/\/rockandsports.com.ar\/#website\"},\"datePublished\":\"2023-03-21T21:44:00+00:00\",\"dateModified\":\"2023-03-21T21:44:00+00:00\",\"author\":{\"@id\":\"https:\/\/rockandsports.com.ar\/#\/schema\/person\/0eeb74d093e36ea94f2de24758c943ce\"},\"breadcrumb\":{\"@id\":\"https:\/\/rockandsports.com.ar\/index.php\/2023\/03\/21\/pablo-martel-fue-destituido-de-su-cargo-como-dt-de-chaco-for-ever\/#breadcrumb\"},\"inLanguage\":\"en-US\",\"potentialAction\":[{\"@type\":\"ReadAction\",\"target\":[\"https:\/\/rockandsports.com.ar\/index.php\/2023\/03\/21\/pablo-martel-fue-destituido-de-su-cargo-como-dt-de-chaco-for-ever\/\"]}]},{\"@type\":\"BreadcrumbList\",\"@id\":\"https:\/\/rockandsports.com.ar\/index.php\/2023\/03\/21\/pablo-martel-fue-destituido-de-su-cargo-como-dt-de-chaco-for-ever\/#breadcrumb\",\"itemListElement\":[{\"@type\":\"ListItem\",\"position\":1,\"name\":\"Portada\",\"item\":\"https:\/\/rockandsports.com.ar\/\"},{\"@type\":\"ListItem\",\"position\":2,\"name\":\"Pablo Martel fue destituido de su cargo como DT de Chaco For Ever\"}]},{\"@type\":\"WebSite\",\"@id\":\"https:\/\/rockandsports.com.ar\/#website\",\"url\":\"https:\/\/rockandsports.com.ar\/\",\"name\":\"Radio Rock and Sports\",\"description\":\"\",\"potentialAction\":[{\"@type\":\"SearchAction\",\"target\":{\"@type\":\"EntryPoint\",\"urlTemplate\":\"https:\/\/rockandsports.com.ar\/?s={search_term_string}\"},\"query-input\":{\"@type\":\"PropertyValueSpecification\",\"valueRequired\":true,\"valueName\":\"search_term_string\"}}],\"inLanguage\":\"en-US\"},{\"@type\":\"Person\",\"@id\":\"https:\/\/rockandsports.com.ar\/#\/schema\/person\/0eeb74d093e36ea94f2de24758c943ce\",\"name\":\"Gustavo Fares\",\"image\":{\"@type\":\"ImageObject\",\"inLanguage\":\"en-US\",\"@id\":\"https:\/\/rockandsports.com.ar\/#\/schema\/person\/image\/\",\"url\":\"https:\/\/secure.gravatar.com\/avatar\/471d237616c942468436419ec4923fbf?s=96&d=retro&r=g\",\"contentUrl\":\"https:\/\/secure.gravatar.com\/avatar\/471d237616c942468436419ec4923fbf?s=96&d=retro&r=g\",\"caption\":\"Gustavo Fares\"},\"url\":\"https:\/\/rockandsports.com.ar\/index.php\/author\/gfares\/\"}]}<\/script>\n<!-- \/ Yoast SEO plugin. -->","yoast_head_json":{"title":"Pablo Martel fue destituido de su cargo como DT de Chaco For Ever - Radio Rock and Sports","robots":{"index":"index","follow":"follow","max-snippet":"max-snippet:-1","max-image-preview":"max-image-preview:large","max-video-preview":"max-video-preview:-1"},"canonical":"https:\/\/rockandsports.com.ar\/index.php\/2023\/03\/21\/pablo-martel-fue-destituido-de-su-cargo-como-dt-de-chaco-for-ever\/","og_locale":"en_US","og_type":"article","og_title":"Pablo Martel fue destituido de su cargo como DT de Chaco For Ever - Radio Rock and Sports","og_description":"El\u00a0Club Atl\u00e9tico Chaco For Ever\u00a0comunic\u00f3 que Pablo Martel, quien se desempe\u00f1aba como director t\u00e9cnico, Adri\u00e1n Gorostidi, ayudante de campo, y","og_url":"https:\/\/rockandsports.com.ar\/index.php\/2023\/03\/21\/pablo-martel-fue-destituido-de-su-cargo-como-dt-de-chaco-for-ever\/","og_site_name":"Radio Rock and Sports","article_published_time":"2023-03-21T21:44:00+00:00","og_image":[{"width":1631,"height":1083,"url":"https:\/\/rockandsports.com.ar\/wp-content\/uploads\/2023\/03\/dt.jpg","type":"image\/jpeg"}],"author":"Gustavo Fares","twitter_card":"summary_large_image","twitter_misc":{"Written by":"Gustavo Fares","Est. reading time":"1 minute"},"schema":{"@context":"https:\/\/schema.org","@graph":[{"@type":"WebPage","@id":"https:\/\/rockandsports.com.ar\/index.php\/2023\/03\/21\/pablo-martel-fue-destituido-de-su-cargo-como-dt-de-chaco-for-ever\/","url":"https:\/\/rockandsports.com.ar\/index.php\/2023\/03\/21\/pablo-martel-fue-destituido-de-su-cargo-como-dt-de-chaco-for-ever\/","name":"Pablo Martel fue destituido de su cargo como DT de Chaco For Ever - Radio Rock and Sports","isPartOf":{"@id":"https:\/\/rockandsports.com.ar\/#website"},"datePublished":"2023-03-21T21:44:00+00:00","dateModified":"2023-03-21T21:44:00+00:00","author":{"@id":"https:\/\/rockandsports.com.ar\/#\/schema\/person\/0eeb74d093e36ea94f2de24758c943ce"},"breadcrumb":{"@id":"https:\/\/rockandsports.com.ar\/index.php\/2023\/03\/21\/pablo-martel-fue-destituido-de-su-cargo-como-dt-de-chaco-for-ever\/#breadcrumb"},"inLanguage":"en-US","potentialAction":[{"@type":"ReadAction","target":["https:\/\/rockandsports.com.ar\/index.php\/2023\/03\/21\/pablo-martel-fue-destituido-de-su-cargo-como-dt-de-chaco-for-ever\/"]}]},{"@type":"BreadcrumbList","@id":"https:\/\/rockandsports.com.ar\/index.php\/2023\/03\/21\/pablo-martel-fue-destituido-de-su-cargo-como-dt-de-chaco-for-ever\/#breadcrumb","itemListElement":[{"@type":"ListItem","position":1,"name":"Portada","item":"https:\/\/rockandsports.com.ar\/"},{"@type":"ListItem","position":2,"name":"Pablo Martel fue destituido de su cargo como DT de Chaco For Ever"}]},{"@type":"WebSite","@id":"https:\/\/rockandsports.com.ar\/#website","url":"https:\/\/rockandsports.com.ar\/","name":"Radio Rock and Sports","description":"","potentialAction":[{"@type":"SearchAction","target":{"@type":"EntryPoint","urlTemplate":"https:\/\/rockandsports.com.ar\/?s={search_term_string}"},"query-input":{"@type":"PropertyValueSpecification","valueRequired":true,"valueName":"search_term_string"}}],"inLanguage":"en-US"},{"@type":"Person","@id":"https:\/\/rockandsports.com.ar\/#\/schema\/person\/0eeb74d093e36ea94f2de24758c943ce","name":"Gustavo Fares","image":{"@type":"ImageObject","inLanguage":"en-US","@id":"https:\/\/rockandsports.com.ar\/#\/schema\/person\/image\/","url":"https:\/\/secure.gravatar.com\/avatar\/471d237616c942468436419ec4923fbf?s=96&d=retro&r=g","contentUrl":"https:\/\/secure.gravatar.com\/avatar\/471d237616c942468436419ec4923fbf?s=96&d=retro&r=g","caption":"Gustavo Fares"},"url":"https:\/\/rockandsports.com.ar\/index.php\/author\/gfares\/"}]}},"_links":{"self":[{"href":"https:\/\/rockandsports.com.ar\/index.php\/wp-json\/wp\/v2\/posts\/651","targetHints":{"allow":["GET"]}}],"collection":[{"href":"https:\/\/rockandsports.com.ar\/index.php\/wp-json\/wp\/v2\/posts"}],"about":[{"href":"https:\/\/rockandsports.com.ar\/index.php\/wp-json\/wp\/v2\/types\/post"}],"author":[{"embeddable":true,"href":"https:\/\/rockandsports.com.ar\/index.php\/wp-json\/wp\/v2\/users\/5"}],"replies":[{"embeddable":true,"href":"https:\/\/rockandsports.com.ar\/index.php\/wp-json\/wp\/v2\/comments?post=651"}],"version-history":[{"count":1,"href":"https:\/\/rockandsports.com.ar\/index.php\/wp-json\/wp\/v2\/posts\/651\/revisions"}],"predecessor-version":[{"id":653,"href":"https:\/\/rockandsports.com.ar\/index.php\/wp-json\/wp\/v2\/posts\/651\/revisions\/653"}],"wp:attachment":[{"href":"https:\/\/rockandsports.com.ar\/index.php\/wp-json\/wp\/v2\/media?parent=651"}],"wp:term":[{"taxonomy":"category","embeddable":true,"href":"https:\/\/rockandsports.com.ar\/index.php\/wp-json\/wp\/v2\/categories?post=651"},{"taxonomy":"post_tag","embeddable":true,"href":"https:\/\/rockandsports.com.ar\/index.php\/wp-json\/wp\/v2\/tags?post=651"}],"curies":[{"name":"wp","href":"https:\/\/api.w.org\/{rel}","templated":true}]}}