{"id":648,"date":"2023-03-21T12:06:35","date_gmt":"2023-03-21T12:06:35","guid":{"rendered":"https:\/\/rockandsports.com.ar\/?p=648"},"modified":"2023-03-21T12:06:35","modified_gmt":"2023-03-21T12:06:35","slug":"central-cordoba-buscara-sumar-de-a-tres-en-el-cierre-de-la-fecha-8","status":"publish","type":"post","link":"https:\/\/rockandsports.com.ar\/index.php\/2023\/03\/21\/central-cordoba-buscara-sumar-de-a-tres-en-el-cierre-de-la-fecha-8\/","title":{"rendered":"Central C\u00f3rdoba buscar\u00e1 sumar de a tres en el cierre de la fecha 8"},"content":{"rendered":"\n<p>El &#8220;ferroviario&#8221; se mide ante el equipo del tigre Gareca en el Jos\u00e9 Amalfitani a partir de las 21. <\/p>\n\n\n\n<p>Central C\u00f3rdoba cierra la fecha 8 de La Liga Profesional de Futbol ante V\u00e9lez Sarfield en Liniers. El encuentro se disputar\u00e1 a partir de las 21 horas, ser\u00e1 arbitrado por Pablo Dovalo  y lo podr\u00e1s escuchar en Rock And Sports 106.5 y en www.rockandsports.com.ar. <\/p>\n\n\n\n<p>El equipo de Leonardo Madelon viene de una gran victoria ante Tigre en condici\u00f3n de local, sum\u00f3 en las ultimas 3 fechas y quiere continuar con esta racha positiva. El equipo no se tocar\u00eda y seria el mismo que jug\u00f3 la fecha pasada. De esta manera podria formar con: Ledesma; Blasi, Pereyra, Go\u00f1i, Canto; Pitton, Maciel, Rius, Farioli, Besozzi; Castelli. <\/p>\n\n\n\n<p>El equipo del &#8220;tigre&#8221; Gareca jugar\u00e1 nuevamente ante su gente en el Amalfitani tras empatar ante Platense en la fecha pasada en su regres\u00f3 al club. Un encuentro muy emotivo que no termin\u00f3 con triunfo, pero en el que tampoco perdi\u00f3.<strong>\u00a0Igual\u00f3 1-1.<\/strong>\u00a0Este martes buscar\u00e1 hacer valer su local\u00eda para empezar a sumar de a tres y aspirar a copas.\u00a0<strong>Sac\u00f3 nueve puntos en sus primeros siete partidos.<\/strong> El equipo para hoy seria: Buri\u00e1n; Jara, God\u00edn, Brizuela y Ortega; Ord\u00f3\u00f1ez, Florentin y Cabrera; Fern\u00e1ndez, Pratto y Bou. <\/p>\n","protected":false},"excerpt":{"rendered":"<p>El &#8220;ferroviario&#8221; se mide ante el equipo del tigre Gareca en el Jos\u00e9 Amalfitani a partir de las 21. Central<\/p>\n","protected":false},"author":5,"featured_media":0,"comment_status":"open","ping_status":"open","sticky":false,"template":"","format":"standard","meta":{"footnotes":""},"categories":[4,8],"tags":[],"class_list":["post-648","post","type-post","status-publish","format-standard","hentry","category-deporte","category-futbol"],"yoast_head":"<!-- This site is optimized with the Yoast SEO plugin v23.8 - https:\/\/yoast.com\/wordpress\/plugins\/seo\/ -->\n<title>Central C\u00f3rdoba buscar\u00e1 sumar de a tres en el cierre de la fecha 8 - Radio Rock and Sports<\/title>\n<meta name=\"robots\" content=\"index, follow, max-snippet:-1, max-image-preview:large, max-video-preview:-1\" \/>\n<link rel=\"canonical\" href=\"https:\/\/rockandsports.com.ar\/index.php\/2023\/03\/21\/central-cordoba-buscara-sumar-de-a-tres-en-el-cierre-de-la-fecha-8\/\" \/>\n<meta property=\"og:locale\" content=\"en_US\" \/>\n<meta property=\"og:type\" content=\"article\" \/>\n<meta property=\"og:title\" content=\"Central C\u00f3rdoba buscar\u00e1 sumar de a tres en el cierre de la fecha 8 - Radio Rock and Sports\" \/>\n<meta property=\"og:description\" content=\"El &#8220;ferroviario&#8221; se mide ante el equipo del tigre Gareca en el Jos\u00e9 Amalfitani a partir de las 21. Central\" \/>\n<meta property=\"og:url\" content=\"https:\/\/rockandsports.com.ar\/index.php\/2023\/03\/21\/central-cordoba-buscara-sumar-de-a-tres-en-el-cierre-de-la-fecha-8\/\" \/>\n<meta property=\"og:site_name\" content=\"Radio Rock and Sports\" \/>\n<meta property=\"article:published_time\" content=\"2023-03-21T12:06:35+00:00\" \/>\n<meta property=\"og:image\" content=\"http:\/\/rockandsports.com.ar\/wp-content\/uploads\/2023\/03\/10-25_cordoba_9.jpg\" \/>\n\t<meta property=\"og:image:width\" content=\"860\" \/>\n\t<meta property=\"og:image:height\" content=\"860\" \/>\n\t<meta property=\"og:image:type\" content=\"image\/jpeg\" \/>\n<meta name=\"author\" content=\"Gustavo Fares\" \/>\n<meta name=\"twitter:card\" content=\"summary_large_image\" \/>\n<meta name=\"twitter:label1\" content=\"Written by\" \/>\n\t<meta name=\"twitter:data1\" content=\"Gustavo Fares\" \/>\n\t<meta name=\"twitter:label2\" content=\"Est. reading time\" \/>\n\t<meta name=\"twitter:data2\" content=\"1 minute\" \/>\n<script type=\"application\/ld+json\" class=\"yoast-schema-graph\">{\"@context\":\"https:\/\/schema.org\",\"@graph\":[{\"@type\":\"WebPage\",\"@id\":\"https:\/\/rockandsports.com.ar\/index.php\/2023\/03\/21\/central-cordoba-buscara-sumar-de-a-tres-en-el-cierre-de-la-fecha-8\/\",\"url\":\"https:\/\/rockandsports.com.ar\/index.php\/2023\/03\/21\/central-cordoba-buscara-sumar-de-a-tres-en-el-cierre-de-la-fecha-8\/\",\"name\":\"Central C\u00f3rdoba buscar\u00e1 sumar de a tres en el cierre de la fecha 8 - Radio Rock and Sports\",\"isPartOf\":{\"@id\":\"https:\/\/rockandsports.com.ar\/#website\"},\"datePublished\":\"2023-03-21T12:06:35+00:00\",\"dateModified\":\"2023-03-21T12:06:35+00:00\",\"author\":{\"@id\":\"https:\/\/rockandsports.com.ar\/#\/schema\/person\/0eeb74d093e36ea94f2de24758c943ce\"},\"breadcrumb\":{\"@id\":\"https:\/\/rockandsports.com.ar\/index.php\/2023\/03\/21\/central-cordoba-buscara-sumar-de-a-tres-en-el-cierre-de-la-fecha-8\/#breadcrumb\"},\"inLanguage\":\"en-US\",\"potentialAction\":[{\"@type\":\"ReadAction\",\"target\":[\"https:\/\/rockandsports.com.ar\/index.php\/2023\/03\/21\/central-cordoba-buscara-sumar-de-a-tres-en-el-cierre-de-la-fecha-8\/\"]}]},{\"@type\":\"BreadcrumbList\",\"@id\":\"https:\/\/rockandsports.com.ar\/index.php\/2023\/03\/21\/central-cordoba-buscara-sumar-de-a-tres-en-el-cierre-de-la-fecha-8\/#breadcrumb\",\"itemListElement\":[{\"@type\":\"ListItem\",\"position\":1,\"name\":\"Portada\",\"item\":\"https:\/\/rockandsports.com.ar\/\"},{\"@type\":\"ListItem\",\"position\":2,\"name\":\"Central C\u00f3rdoba buscar\u00e1 sumar de a tres en el cierre de la fecha 8\"}]},{\"@type\":\"WebSite\",\"@id\":\"https:\/\/rockandsports.com.ar\/#website\",\"url\":\"https:\/\/rockandsports.com.ar\/\",\"name\":\"Radio Rock and Sports\",\"description\":\"\",\"potentialAction\":[{\"@type\":\"SearchAction\",\"target\":{\"@type\":\"EntryPoint\",\"urlTemplate\":\"https:\/\/rockandsports.com.ar\/?s={search_term_string}\"},\"query-input\":{\"@type\":\"PropertyValueSpecification\",\"valueRequired\":true,\"valueName\":\"search_term_string\"}}],\"inLanguage\":\"en-US\"},{\"@type\":\"Person\",\"@id\":\"https:\/\/rockandsports.com.ar\/#\/schema\/person\/0eeb74d093e36ea94f2de24758c943ce\",\"name\":\"Gustavo Fares\",\"image\":{\"@type\":\"ImageObject\",\"inLanguage\":\"en-US\",\"@id\":\"https:\/\/rockandsports.com.ar\/#\/schema\/person\/image\/\",\"url\":\"https:\/\/secure.gravatar.com\/avatar\/471d237616c942468436419ec4923fbf?s=96&d=retro&r=g\",\"contentUrl\":\"https:\/\/secure.gravatar.com\/avatar\/471d237616c942468436419ec4923fbf?s=96&d=retro&r=g\",\"caption\":\"Gustavo Fares\"},\"url\":\"https:\/\/rockandsports.com.ar\/index.php\/author\/gfares\/\"}]}<\/script>\n<!-- \/ Yoast SEO plugin. -->","yoast_head_json":{"title":"Central C\u00f3rdoba buscar\u00e1 sumar de a tres en el cierre de la fecha 8 - Radio Rock and Sports","robots":{"index":"index","follow":"follow","max-snippet":"max-snippet:-1","max-image-preview":"max-image-preview:large","max-video-preview":"max-video-preview:-1"},"canonical":"https:\/\/rockandsports.com.ar\/index.php\/2023\/03\/21\/central-cordoba-buscara-sumar-de-a-tres-en-el-cierre-de-la-fecha-8\/","og_locale":"en_US","og_type":"article","og_title":"Central C\u00f3rdoba buscar\u00e1 sumar de a tres en el cierre de la fecha 8 - Radio Rock and Sports","og_description":"El &#8220;ferroviario&#8221; se mide ante el equipo del tigre Gareca en el Jos\u00e9 Amalfitani a partir de las 21. Central","og_url":"https:\/\/rockandsports.com.ar\/index.php\/2023\/03\/21\/central-cordoba-buscara-sumar-de-a-tres-en-el-cierre-de-la-fecha-8\/","og_site_name":"Radio Rock and Sports","article_published_time":"2023-03-21T12:06:35+00:00","og_image":[{"width":860,"height":860,"url":"http:\/\/rockandsports.com.ar\/wp-content\/uploads\/2023\/03\/10-25_cordoba_9.jpg","type":"image\/jpeg"}],"author":"Gustavo Fares","twitter_card":"summary_large_image","twitter_misc":{"Written by":"Gustavo Fares","Est. reading time":"1 minute"},"schema":{"@context":"https:\/\/schema.org","@graph":[{"@type":"WebPage","@id":"https:\/\/rockandsports.com.ar\/index.php\/2023\/03\/21\/central-cordoba-buscara-sumar-de-a-tres-en-el-cierre-de-la-fecha-8\/","url":"https:\/\/rockandsports.com.ar\/index.php\/2023\/03\/21\/central-cordoba-buscara-sumar-de-a-tres-en-el-cierre-de-la-fecha-8\/","name":"Central C\u00f3rdoba buscar\u00e1 sumar de a tres en el cierre de la fecha 8 - Radio Rock and Sports","isPartOf":{"@id":"https:\/\/rockandsports.com.ar\/#website"},"datePublished":"2023-03-21T12:06:35+00:00","dateModified":"2023-03-21T12:06:35+00:00","author":{"@id":"https:\/\/rockandsports.com.ar\/#\/schema\/person\/0eeb74d093e36ea94f2de24758c943ce"},"breadcrumb":{"@id":"https:\/\/rockandsports.com.ar\/index.php\/2023\/03\/21\/central-cordoba-buscara-sumar-de-a-tres-en-el-cierre-de-la-fecha-8\/#breadcrumb"},"inLanguage":"en-US","potentialAction":[{"@type":"ReadAction","target":["https:\/\/rockandsports.com.ar\/index.php\/2023\/03\/21\/central-cordoba-buscara-sumar-de-a-tres-en-el-cierre-de-la-fecha-8\/"]}]},{"@type":"BreadcrumbList","@id":"https:\/\/rockandsports.com.ar\/index.php\/2023\/03\/21\/central-cordoba-buscara-sumar-de-a-tres-en-el-cierre-de-la-fecha-8\/#breadcrumb","itemListElement":[{"@type":"ListItem","position":1,"name":"Portada","item":"https:\/\/rockandsports.com.ar\/"},{"@type":"ListItem","position":2,"name":"Central C\u00f3rdoba buscar\u00e1 sumar de a tres en el cierre de la fecha 8"}]},{"@type":"WebSite","@id":"https:\/\/rockandsports.com.ar\/#website","url":"https:\/\/rockandsports.com.ar\/","name":"Radio Rock and Sports","description":"","potentialAction":[{"@type":"SearchAction","target":{"@type":"EntryPoint","urlTemplate":"https:\/\/rockandsports.com.ar\/?s={search_term_string}"},"query-input":{"@type":"PropertyValueSpecification","valueRequired":true,"valueName":"search_term_string"}}],"inLanguage":"en-US"},{"@type":"Person","@id":"https:\/\/rockandsports.com.ar\/#\/schema\/person\/0eeb74d093e36ea94f2de24758c943ce","name":"Gustavo Fares","image":{"@type":"ImageObject","inLanguage":"en-US","@id":"https:\/\/rockandsports.com.ar\/#\/schema\/person\/image\/","url":"https:\/\/secure.gravatar.com\/avatar\/471d237616c942468436419ec4923fbf?s=96&d=retro&r=g","contentUrl":"https:\/\/secure.gravatar.com\/avatar\/471d237616c942468436419ec4923fbf?s=96&d=retro&r=g","caption":"Gustavo Fares"},"url":"https:\/\/rockandsports.com.ar\/index.php\/author\/gfares\/"}]}},"_links":{"self":[{"href":"https:\/\/rockandsports.com.ar\/index.php\/wp-json\/wp\/v2\/posts\/648","targetHints":{"allow":["GET"]}}],"collection":[{"href":"https:\/\/rockandsports.com.ar\/index.php\/wp-json\/wp\/v2\/posts"}],"about":[{"href":"https:\/\/rockandsports.com.ar\/index.php\/wp-json\/wp\/v2\/types\/post"}],"author":[{"embeddable":true,"href":"https:\/\/rockandsports.com.ar\/index.php\/wp-json\/wp\/v2\/users\/5"}],"replies":[{"embeddable":true,"href":"https:\/\/rockandsports.com.ar\/index.php\/wp-json\/wp\/v2\/comments?post=648"}],"version-history":[{"count":1,"href":"https:\/\/rockandsports.com.ar\/index.php\/wp-json\/wp\/v2\/posts\/648\/revisions"}],"predecessor-version":[{"id":650,"href":"https:\/\/rockandsports.com.ar\/index.php\/wp-json\/wp\/v2\/posts\/648\/revisions\/650"}],"wp:attachment":[{"href":"https:\/\/rockandsports.com.ar\/index.php\/wp-json\/wp\/v2\/media?parent=648"}],"wp:term":[{"taxonomy":"category","embeddable":true,"href":"https:\/\/rockandsports.com.ar\/index.php\/wp-json\/wp\/v2\/categories?post=648"},{"taxonomy":"post_tag","embeddable":true,"href":"https:\/\/rockandsports.com.ar\/index.php\/wp-json\/wp\/v2\/tags?post=648"}],"curies":[{"name":"wp","href":"https:\/\/api.w.org\/{rel}","templated":true}]}}