{"id":6467,"date":"2026-08-30T23:14:56","date_gmt":"2026-08-30T23:14:56","guid":{"rendered":"https:\/\/rockandsports.com.ar\/?p=6467"},"modified":"2026-08-30T23:14:56","modified_gmt":"2026-08-30T23:14:56","slug":"a-mitre-se-le-escapo-2-puntos-en-el-8-de-abril","status":"publish","type":"post","link":"https:\/\/rockandsports.com.ar\/index.php\/2026\/08\/30\/a-mitre-se-le-escapo-2-puntos-en-el-8-de-abril\/","title":{"rendered":"A Mitre se le escap\u00f3 2 puntos en el 8 de Abril"},"content":{"rendered":"\n<p class=\"wp-block-paragraph\">El Club Atl\u00e9tico Mitre, igual\u00f3 2 a 2, en condici\u00f3n de local, frente al Club Central Norte, de la provincia de Salta, por la vig\u00e9sima s\u00e9ptima fecha del Torneo de la Primera Nacional 2026 de AFA.<\/p>\n\n\n\n<p class=\"wp-block-paragraph\">Se ubica en el puesto 11 en la tabla de posiciones con 30 puntos.<\/p>\n\n\n\n<figure class=\"wp-block-image size-large\"><img fetchpriority=\"high\" decoding=\"async\" width=\"1024\" height=\"682\" src=\"https:\/\/rockandsports.com.ar\/wp-content\/uploads\/2026\/08\/a16c650c-cd3d-4d56-b666-31467b7421f8-1024x682.jpeg\" class=\"wp-image-6465\" srcset=\"https:\/\/rockandsports.com.ar\/wp-content\/uploads\/2026\/08\/a16c650c-cd3d-4d56-b666-31467b7421f8-1024x682.jpeg 1024w, https:\/\/rockandsports.com.ar\/wp-content\/uploads\/2026\/08\/a16c650c-cd3d-4d56-b666-31467b7421f8-300x200.jpeg 300w, https:\/\/rockandsports.com.ar\/wp-content\/uploads\/2026\/08\/a16c650c-cd3d-4d56-b666-31467b7421f8-768x512.jpeg 768w, https:\/\/rockandsports.com.ar\/wp-content\/uploads\/2026\/08\/a16c650c-cd3d-4d56-b666-31467b7421f8-1536x1023.jpeg 1536w, https:\/\/rockandsports.com.ar\/wp-content\/uploads\/2026\/08\/a16c650c-cd3d-4d56-b666-31467b7421f8.jpeg 1600w\" sizes=\"(max-width: 1024px) 100vw, 1024px\" \/><\/figure>\n\n\n\n<p class=\"wp-block-paragraph\">El pr\u00f3ximo viernes 04\/09 enfrentar\u00e1 al Club Ferrocarril Oeste, de la provincia de Buenos Aires, a las 20, en condici\u00f3n de visitante.<\/p>\n\n\n\n<p class=\"wp-block-paragraph\">Formaciones:<\/p>\n\n\n\n<p class=\"wp-block-paragraph\">\u26ab\ud83d\udfe1CLUB ATL\u00c9TICO MITRE:<\/p>\n\n\n\n<p class=\"wp-block-paragraph\">1_ IGNACIO PIETROBONO<br \/>2_JONATHAN CABRAL<br \/>3_ FRANCO FERRARI<br \/>4_ BR\u00cdAN M\u00cdERES<br \/>5_ JUAN ALESSANDRONI<br \/>6_ MAXIMILIANO ROMERO<br \/>7_FAVIO CABRAL<br \/>8_ MART\u00cdN VAZQUEZ<br \/>9_ MARCOS MACHADO<br \/>10_ ENZO AVARO<br \/>11_ RODR\u00cdGO GONZ\u00c1LEZ<br \/>DT: CLAUDIO BIAGG\u00cdO<\/p>\n\n\n\n<p class=\"wp-block-paragraph\">\u26aa\u26abCLUB CENTRAL NORTE:<\/p>\n\n\n\n<p class=\"wp-block-paragraph\">1_ FABRICIO HASS<br \/>2_ ELIAS CALDERON<br \/>3_ PEDRO SANZ<br \/>4_ PABLO ROSALES<br \/>5_ RAUL VIRRARREAL<br \/>6_ AGUST\u00cdN LAMOSA<br \/>7_ MATIAS MORAVEC<br \/>8_ GIANLUCA MANCUSO<br \/>9_ FRANCISCO BORDA<br \/>10_ JUAN BUSTINDUY<br \/>11_ TOMAS CASTRO<br \/>DT: ALEXIS MATTEO<\/p>\n\n\n\n<p class=\"wp-block-paragraph\">\u26bdGoles: PT&#8217; 42&#8242; M.Machado( M) 45&#8242; J.P.Zarate ( M) ST&#8217; 85&#8242; M.Romero E\/C ( CN) 95&#8242; F.Borda ( CN).<\/p>\n\n\n\n<p class=\"wp-block-paragraph\">\ud83d\udd01Sustituciones<\/p>\n\n\n\n<p class=\"wp-block-paragraph\">Club Atl\u00e9tico Mitre: PT&#8217; 25&#8242; F.Cabral\u21c6J.P.Zarate; ST&#8217; 66&#8242; R.Gonzalez\u21c6O.Garrrido; 78&#8242;<br>B.Mieres\u21c6P.Minissale<br>M.Machado\u21c6S.Rodriquez<\/p>\n\n\n\n<p class=\"wp-block-paragraph\">\ud83d\udd01Sustituciones:<\/p>\n\n\n\n<p class=\"wp-block-paragraph\">Club Central Norte: ST&#8217; 46&#8242; G.Mancuso\u21c6E.Bodencer; 56&#8242; J.Bustinduy\u21c6S.Quiroga; A.Moravec\u21c6F.Dedoya; 74&#8242;<br \/>P.Rosales\u21c6T.Taobas; 82&#8242;<br \/>P.Sanz\u21c6J.Mateo<\/p>\n\n\n\n<p class=\"wp-block-paragraph\">\ud83d\udc64 \u00c1rbitro: Joaqu\u00edn Gil<br \/>\ud83d\udea9Asistente 1: Mat\u00edas Bianchi<br \/>\ud83d\udea9Asistente 2: Robertino Rosas<br \/>\ud83d\udc64Cuarto \u00e1rbitro: Facundo Rojo.<\/p>\n\n\n\n<p class=\"wp-block-paragraph\">\ud83c\udfdf\ufe0f Estadio Drs. Jos\u00e9 y Antonio Castiglione.<\/p>\n\n\n\n<p class=\"wp-block-paragraph\">\ud83d\udcf2\ud83d\udcbb LPF PLAY<\/p>\n\n\n\n<p class=\"wp-block-paragraph\">Instancia: Vig\u00e9sima s\u00e9ptima, Zona A.<\/p>\n\n\n\n<p class=\"wp-block-paragraph\">Fecha: Domingo 30\/08 del 2026.<\/p>\n\n\n\n<figure class=\"wp-block-image size-large\"><img decoding=\"async\" width=\"1024\" height=\"303\" src=\"https:\/\/rockandsports.com.ar\/wp-content\/uploads\/2026\/08\/c1b3599e-7562-427f-b383-a78d95457533-4-1024x303.jpeg\" class=\"wp-image-6464\" srcset=\"https:\/\/rockandsports.com.ar\/wp-content\/uploads\/2026\/08\/c1b3599e-7562-427f-b383-a78d95457533-4-1024x303.jpeg 1024w, https:\/\/rockandsports.com.ar\/wp-content\/uploads\/2026\/08\/c1b3599e-7562-427f-b383-a78d95457533-4-300x89.jpeg 300w, https:\/\/rockandsports.com.ar\/wp-content\/uploads\/2026\/08\/c1b3599e-7562-427f-b383-a78d95457533-4-768x227.jpeg 768w, https:\/\/rockandsports.com.ar\/wp-content\/uploads\/2026\/08\/c1b3599e-7562-427f-b383-a78d95457533-4.jpeg 1536w\" sizes=\"(max-width: 1024px) 100vw, 1024px\" \/><\/figure>\n","protected":false},"excerpt":{"rendered":"<p>El Club Atl\u00e9tico Mitre, igual\u00f3 2 a 2, en condici\u00f3n de local, frente al Club Central Norte, de la provincia<\/p>\n","protected":false},"author":4,"featured_media":6466,"comment_status":"closed","ping_status":"open","sticky":false,"template":"","format":"standard","meta":{"footnotes":""},"categories":[4,8,6],"tags":[21,33,34],"class_list":["post-6467","post","type-post","status-publish","format-standard","has-post-thumbnail","hentry","category-deporte","category-futbol","category-noticias","tag-futbol","tag-mitre","tag-primera-nacional"],"yoast_head":"<!-- This site is optimized with the Yoast SEO plugin v23.8 - https:\/\/yoast.com\/wordpress\/plugins\/seo\/ -->\n<title>A Mitre se le escap\u00f3 2 puntos en el 8 de Abril - Radio Rock and Sports<\/title>\n<meta name=\"robots\" content=\"index, follow, max-snippet:-1, max-image-preview:large, max-video-preview:-1\" \/>\n<link rel=\"canonical\" href=\"https:\/\/rockandsports.com.ar\/index.php\/2026\/08\/30\/a-mitre-se-le-escapo-2-puntos-en-el-8-de-abril\/\" \/>\n<meta property=\"og:locale\" content=\"en_US\" \/>\n<meta property=\"og:type\" content=\"article\" \/>\n<meta property=\"og:title\" content=\"A Mitre se le escap\u00f3 2 puntos en el 8 de Abril - Radio Rock and Sports\" \/>\n<meta property=\"og:description\" content=\"El Club Atl\u00e9tico Mitre, igual\u00f3 2 a 2, en condici\u00f3n de local, frente al Club Central Norte, de la provincia\" \/>\n<meta property=\"og:url\" content=\"https:\/\/rockandsports.com.ar\/index.php\/2026\/08\/30\/a-mitre-se-le-escapo-2-puntos-en-el-8-de-abril\/\" \/>\n<meta property=\"og:site_name\" content=\"Radio Rock and Sports\" \/>\n<meta property=\"article:published_time\" content=\"2026-08-30T23:14:56+00:00\" \/>\n<meta property=\"og:image\" content=\"https:\/\/rockandsports.com.ar\/wp-content\/uploads\/2026\/08\/b1ac6fdc-c8b2-4a8e-8ba3-16ab55be562b.jpeg\" \/>\n\t<meta property=\"og:image:width\" content=\"1600\" \/>\n\t<meta property=\"og:image:height\" content=\"1066\" \/>\n\t<meta property=\"og:image:type\" content=\"image\/jpeg\" \/>\n<meta name=\"author\" content=\"Martin Campo\" \/>\n<meta name=\"twitter:card\" content=\"summary_large_image\" \/>\n<meta name=\"twitter:label1\" content=\"Written by\" \/>\n\t<meta name=\"twitter:data1\" content=\"Martin Campo\" \/>\n\t<meta name=\"twitter:label2\" content=\"Est. reading time\" \/>\n\t<meta name=\"twitter:data2\" content=\"1 minute\" \/>\n<script type=\"application\/ld+json\" class=\"yoast-schema-graph\">{\"@context\":\"https:\/\/schema.org\",\"@graph\":[{\"@type\":\"WebPage\",\"@id\":\"https:\/\/rockandsports.com.ar\/index.php\/2026\/08\/30\/a-mitre-se-le-escapo-2-puntos-en-el-8-de-abril\/\",\"url\":\"https:\/\/rockandsports.com.ar\/index.php\/2026\/08\/30\/a-mitre-se-le-escapo-2-puntos-en-el-8-de-abril\/\",\"name\":\"A Mitre se le escap\u00f3 2 puntos en el 8 de Abril - Radio Rock and Sports\",\"isPartOf\":{\"@id\":\"https:\/\/rockandsports.com.ar\/#website\"},\"primaryImageOfPage\":{\"@id\":\"https:\/\/rockandsports.com.ar\/index.php\/2026\/08\/30\/a-mitre-se-le-escapo-2-puntos-en-el-8-de-abril\/#primaryimage\"},\"image\":{\"@id\":\"https:\/\/rockandsports.com.ar\/index.php\/2026\/08\/30\/a-mitre-se-le-escapo-2-puntos-en-el-8-de-abril\/#primaryimage\"},\"thumbnailUrl\":\"https:\/\/rockandsports.com.ar\/wp-content\/uploads\/2026\/08\/b1ac6fdc-c8b2-4a8e-8ba3-16ab55be562b.jpeg\",\"datePublished\":\"2026-08-30T23:14:56+00:00\",\"dateModified\":\"2026-08-30T23:14:56+00:00\",\"author\":{\"@id\":\"https:\/\/rockandsports.com.ar\/#\/schema\/person\/b8fe5cae2a04cbff6a8561d60ee04157\"},\"breadcrumb\":{\"@id\":\"https:\/\/rockandsports.com.ar\/index.php\/2026\/08\/30\/a-mitre-se-le-escapo-2-puntos-en-el-8-de-abril\/#breadcrumb\"},\"inLanguage\":\"en-US\",\"potentialAction\":[{\"@type\":\"ReadAction\",\"target\":[\"https:\/\/rockandsports.com.ar\/index.php\/2026\/08\/30\/a-mitre-se-le-escapo-2-puntos-en-el-8-de-abril\/\"]}]},{\"@type\":\"ImageObject\",\"inLanguage\":\"en-US\",\"@id\":\"https:\/\/rockandsports.com.ar\/index.php\/2026\/08\/30\/a-mitre-se-le-escapo-2-puntos-en-el-8-de-abril\/#primaryimage\",\"url\":\"https:\/\/rockandsports.com.ar\/wp-content\/uploads\/2026\/08\/b1ac6fdc-c8b2-4a8e-8ba3-16ab55be562b.jpeg\",\"contentUrl\":\"https:\/\/rockandsports.com.ar\/wp-content\/uploads\/2026\/08\/b1ac6fdc-c8b2-4a8e-8ba3-16ab55be562b.jpeg\",\"width\":1600,\"height\":1066},{\"@type\":\"BreadcrumbList\",\"@id\":\"https:\/\/rockandsports.com.ar\/index.php\/2026\/08\/30\/a-mitre-se-le-escapo-2-puntos-en-el-8-de-abril\/#breadcrumb\",\"itemListElement\":[{\"@type\":\"ListItem\",\"position\":1,\"name\":\"Portada\",\"item\":\"https:\/\/rockandsports.com.ar\/\"},{\"@type\":\"ListItem\",\"position\":2,\"name\":\"A Mitre se le escap\u00f3 2 puntos en el 8 de Abril\"}]},{\"@type\":\"WebSite\",\"@id\":\"https:\/\/rockandsports.com.ar\/#website\",\"url\":\"https:\/\/rockandsports.com.ar\/\",\"name\":\"Radio Rock and Sports\",\"description\":\"\",\"potentialAction\":[{\"@type\":\"SearchAction\",\"target\":{\"@type\":\"EntryPoint\",\"urlTemplate\":\"https:\/\/rockandsports.com.ar\/?s={search_term_string}\"},\"query-input\":{\"@type\":\"PropertyValueSpecification\",\"valueRequired\":true,\"valueName\":\"search_term_string\"}}],\"inLanguage\":\"en-US\"},{\"@type\":\"Person\",\"@id\":\"https:\/\/rockandsports.com.ar\/#\/schema\/person\/b8fe5cae2a04cbff6a8561d60ee04157\",\"name\":\"Martin Campo\",\"image\":{\"@type\":\"ImageObject\",\"inLanguage\":\"en-US\",\"@id\":\"https:\/\/rockandsports.com.ar\/#\/schema\/person\/image\/\",\"url\":\"https:\/\/secure.gravatar.com\/avatar\/1600641fc95178616e963455edebbf6ed3e92b836ca116599ab896d9b61ef797?s=96&d=retro&r=g\",\"contentUrl\":\"https:\/\/secure.gravatar.com\/avatar\/1600641fc95178616e963455edebbf6ed3e92b836ca116599ab896d9b61ef797?s=96&d=retro&r=g\",\"caption\":\"Martin Campo\"},\"url\":\"https:\/\/rockandsports.com.ar\/index.php\/author\/mcampo\/\"}]}<\/script>\n<!-- \/ Yoast SEO plugin. -->","yoast_head_json":{"title":"A Mitre se le escap\u00f3 2 puntos en el 8 de Abril - Radio Rock and Sports","robots":{"index":"index","follow":"follow","max-snippet":"max-snippet:-1","max-image-preview":"max-image-preview:large","max-video-preview":"max-video-preview:-1"},"canonical":"https:\/\/rockandsports.com.ar\/index.php\/2026\/08\/30\/a-mitre-se-le-escapo-2-puntos-en-el-8-de-abril\/","og_locale":"en_US","og_type":"article","og_title":"A Mitre se le escap\u00f3 2 puntos en el 8 de Abril - Radio Rock and Sports","og_description":"El Club Atl\u00e9tico Mitre, igual\u00f3 2 a 2, en condici\u00f3n de local, frente al Club Central Norte, de la provincia","og_url":"https:\/\/rockandsports.com.ar\/index.php\/2026\/08\/30\/a-mitre-se-le-escapo-2-puntos-en-el-8-de-abril\/","og_site_name":"Radio Rock and Sports","article_published_time":"2026-08-30T23:14:56+00:00","og_image":[{"width":1600,"height":1066,"url":"https:\/\/rockandsports.com.ar\/wp-content\/uploads\/2026\/08\/b1ac6fdc-c8b2-4a8e-8ba3-16ab55be562b.jpeg","type":"image\/jpeg"}],"author":"Martin Campo","twitter_card":"summary_large_image","twitter_misc":{"Written by":"Martin Campo","Est. reading time":"1 minute"},"schema":{"@context":"https:\/\/schema.org","@graph":[{"@type":"WebPage","@id":"https:\/\/rockandsports.com.ar\/index.php\/2026\/08\/30\/a-mitre-se-le-escapo-2-puntos-en-el-8-de-abril\/","url":"https:\/\/rockandsports.com.ar\/index.php\/2026\/08\/30\/a-mitre-se-le-escapo-2-puntos-en-el-8-de-abril\/","name":"A Mitre se le escap\u00f3 2 puntos en el 8 de Abril - Radio Rock and Sports","isPartOf":{"@id":"https:\/\/rockandsports.com.ar\/#website"},"primaryImageOfPage":{"@id":"https:\/\/rockandsports.com.ar\/index.php\/2026\/08\/30\/a-mitre-se-le-escapo-2-puntos-en-el-8-de-abril\/#primaryimage"},"image":{"@id":"https:\/\/rockandsports.com.ar\/index.php\/2026\/08\/30\/a-mitre-se-le-escapo-2-puntos-en-el-8-de-abril\/#primaryimage"},"thumbnailUrl":"https:\/\/rockandsports.com.ar\/wp-content\/uploads\/2026\/08\/b1ac6fdc-c8b2-4a8e-8ba3-16ab55be562b.jpeg","datePublished":"2026-08-30T23:14:56+00:00","dateModified":"2026-08-30T23:14:56+00:00","author":{"@id":"https:\/\/rockandsports.com.ar\/#\/schema\/person\/b8fe5cae2a04cbff6a8561d60ee04157"},"breadcrumb":{"@id":"https:\/\/rockandsports.com.ar\/index.php\/2026\/08\/30\/a-mitre-se-le-escapo-2-puntos-en-el-8-de-abril\/#breadcrumb"},"inLanguage":"en-US","potentialAction":[{"@type":"ReadAction","target":["https:\/\/rockandsports.com.ar\/index.php\/2026\/08\/30\/a-mitre-se-le-escapo-2-puntos-en-el-8-de-abril\/"]}]},{"@type":"ImageObject","inLanguage":"en-US","@id":"https:\/\/rockandsports.com.ar\/index.php\/2026\/08\/30\/a-mitre-se-le-escapo-2-puntos-en-el-8-de-abril\/#primaryimage","url":"https:\/\/rockandsports.com.ar\/wp-content\/uploads\/2026\/08\/b1ac6fdc-c8b2-4a8e-8ba3-16ab55be562b.jpeg","contentUrl":"https:\/\/rockandsports.com.ar\/wp-content\/uploads\/2026\/08\/b1ac6fdc-c8b2-4a8e-8ba3-16ab55be562b.jpeg","width":1600,"height":1066},{"@type":"BreadcrumbList","@id":"https:\/\/rockandsports.com.ar\/index.php\/2026\/08\/30\/a-mitre-se-le-escapo-2-puntos-en-el-8-de-abril\/#breadcrumb","itemListElement":[{"@type":"ListItem","position":1,"name":"Portada","item":"https:\/\/rockandsports.com.ar\/"},{"@type":"ListItem","position":2,"name":"A Mitre se le escap\u00f3 2 puntos en el 8 de Abril"}]},{"@type":"WebSite","@id":"https:\/\/rockandsports.com.ar\/#website","url":"https:\/\/rockandsports.com.ar\/","name":"Radio Rock and Sports","description":"","potentialAction":[{"@type":"SearchAction","target":{"@type":"EntryPoint","urlTemplate":"https:\/\/rockandsports.com.ar\/?s={search_term_string}"},"query-input":{"@type":"PropertyValueSpecification","valueRequired":true,"valueName":"search_term_string"}}],"inLanguage":"en-US"},{"@type":"Person","@id":"https:\/\/rockandsports.com.ar\/#\/schema\/person\/b8fe5cae2a04cbff6a8561d60ee04157","name":"Martin Campo","image":{"@type":"ImageObject","inLanguage":"en-US","@id":"https:\/\/rockandsports.com.ar\/#\/schema\/person\/image\/","url":"https:\/\/secure.gravatar.com\/avatar\/1600641fc95178616e963455edebbf6ed3e92b836ca116599ab896d9b61ef797?s=96&d=retro&r=g","contentUrl":"https:\/\/secure.gravatar.com\/avatar\/1600641fc95178616e963455edebbf6ed3e92b836ca116599ab896d9b61ef797?s=96&d=retro&r=g","caption":"Martin Campo"},"url":"https:\/\/rockandsports.com.ar\/index.php\/author\/mcampo\/"}]}},"_links":{"self":[{"href":"https:\/\/rockandsports.com.ar\/index.php\/wp-json\/wp\/v2\/posts\/6467","targetHints":{"allow":["GET"]}}],"collection":[{"href":"https:\/\/rockandsports.com.ar\/index.php\/wp-json\/wp\/v2\/posts"}],"about":[{"href":"https:\/\/rockandsports.com.ar\/index.php\/wp-json\/wp\/v2\/types\/post"}],"author":[{"embeddable":true,"href":"https:\/\/rockandsports.com.ar\/index.php\/wp-json\/wp\/v2\/users\/4"}],"replies":[{"embeddable":true,"href":"https:\/\/rockandsports.com.ar\/index.php\/wp-json\/wp\/v2\/comments?post=6467"}],"version-history":[{"count":1,"href":"https:\/\/rockandsports.com.ar\/index.php\/wp-json\/wp\/v2\/posts\/6467\/revisions"}],"predecessor-version":[{"id":6468,"href":"https:\/\/rockandsports.com.ar\/index.php\/wp-json\/wp\/v2\/posts\/6467\/revisions\/6468"}],"wp:featuredmedia":[{"embeddable":true,"href":"https:\/\/rockandsports.com.ar\/index.php\/wp-json\/wp\/v2\/media\/6466"}],"wp:attachment":[{"href":"https:\/\/rockandsports.com.ar\/index.php\/wp-json\/wp\/v2\/media?parent=6467"}],"wp:term":[{"taxonomy":"category","embeddable":true,"href":"https:\/\/rockandsports.com.ar\/index.php\/wp-json\/wp\/v2\/categories?post=6467"},{"taxonomy":"post_tag","embeddable":true,"href":"https:\/\/rockandsports.com.ar\/index.php\/wp-json\/wp\/v2\/tags?post=6467"}],"curies":[{"name":"wp","href":"https:\/\/api.w.org\/{rel}","templated":true}]}}