{"id":6223,"date":"2026-01-20T15:02:16","date_gmt":"2026-01-20T15:02:16","guid":{"rendered":"https:\/\/rockandsports.com.ar\/?p=6223"},"modified":"2026-01-20T15:02:16","modified_gmt":"2026-01-20T15:02:16","slug":"el-festival-de-la-cancion-popular-de-sumampa-tendra-una-grilla-imperdible","status":"publish","type":"post","link":"https:\/\/rockandsports.com.ar\/index.php\/2026\/01\/20\/el-festival-de-la-cancion-popular-de-sumampa-tendra-una-grilla-imperdible\/","title":{"rendered":"El Festival de la Canci\u00f3n Popular de Sumampa tendr\u00e1 una grilla imperdible"},"content":{"rendered":"\n<p>El festival de la Canci\u00f3n Popular en la ciudad de Sumampa, ya es un cl\u00e1sico en el calendario de febrero para todos los amantes del folclore comidas t\u00edpicas y artesan\u00edas. <\/p>\n\n\n\n<figure class=\"wp-block-image size-large\"><img fetchpriority=\"high\" decoding=\"async\" width=\"576\" height=\"1024\" src=\"https:\/\/rockandsports.com.ar\/wp-content\/uploads\/2026\/01\/75ffa537-86e7-4bb6-8692-476e76b36652-576x1024.jpg\" class=\"wp-image-6221\" srcset=\"https:\/\/rockandsports.com.ar\/wp-content\/uploads\/2026\/01\/75ffa537-86e7-4bb6-8692-476e76b36652-576x1024.jpg 576w, https:\/\/rockandsports.com.ar\/wp-content\/uploads\/2026\/01\/75ffa537-86e7-4bb6-8692-476e76b36652-169x300.jpg 169w, https:\/\/rockandsports.com.ar\/wp-content\/uploads\/2026\/01\/75ffa537-86e7-4bb6-8692-476e76b36652-768x1365.jpg 768w, https:\/\/rockandsports.com.ar\/wp-content\/uploads\/2026\/01\/75ffa537-86e7-4bb6-8692-476e76b36652-864x1536.jpg 864w, https:\/\/rockandsports.com.ar\/wp-content\/uploads\/2026\/01\/75ffa537-86e7-4bb6-8692-476e76b36652.jpg 1125w\" sizes=\"(max-width: 576px) 100vw, 576px\" \/><\/figure>\n\n\n\n<p>Como cada a\u00f1o el evento popular se realiza en la ciudad de Sumampa este 2026 tiene fecha para el viernes 13 de febrero y el s\u00e1bado 14 de febrero a realizarse en el Campo de Deportes del Club Atl\u00e9tico Sumampa. <\/p>\n\n\n\n<figure class=\"wp-block-image size-large\"><img decoding=\"async\" width=\"576\" height=\"1024\" src=\"https:\/\/rockandsports.com.ar\/wp-content\/uploads\/2026\/01\/b3bfe17d-b109-4e7e-9a22-8ae55493461c-576x1024.jpg\" class=\"wp-image-6219\" srcset=\"https:\/\/rockandsports.com.ar\/wp-content\/uploads\/2026\/01\/b3bfe17d-b109-4e7e-9a22-8ae55493461c-576x1024.jpg 576w, https:\/\/rockandsports.com.ar\/wp-content\/uploads\/2026\/01\/b3bfe17d-b109-4e7e-9a22-8ae55493461c-169x300.jpg 169w, https:\/\/rockandsports.com.ar\/wp-content\/uploads\/2026\/01\/b3bfe17d-b109-4e7e-9a22-8ae55493461c-768x1365.jpg 768w, https:\/\/rockandsports.com.ar\/wp-content\/uploads\/2026\/01\/b3bfe17d-b109-4e7e-9a22-8ae55493461c-864x1536.jpg 864w, https:\/\/rockandsports.com.ar\/wp-content\/uploads\/2026\/01\/b3bfe17d-b109-4e7e-9a22-8ae55493461c.jpg 1125w\" sizes=\"(max-width: 576px) 100vw, 576px\" \/><\/figure>\n\n\n\n<p>Con una grilla imperdible con artistas de mucha trayectoria entre ellos el Chaque\u00f1o Palavecino, Karina la Princesita, Dale q\u2019 va, Los Guaran\u00edes Marcelo Toledo entre otros artistas que dir\u00e1n presente en la ciudad de la Sumampa. <\/p>\n\n\n\n<figure class=\"wp-block-image size-large\"><img decoding=\"async\" width=\"576\" height=\"1024\" src=\"https:\/\/rockandsports.com.ar\/wp-content\/uploads\/2026\/01\/348c4a55-52c3-464d-8747-b36702325b96-576x1024.jpg\" class=\"wp-image-6218\" srcset=\"https:\/\/rockandsports.com.ar\/wp-content\/uploads\/2026\/01\/348c4a55-52c3-464d-8747-b36702325b96-576x1024.jpg 576w, https:\/\/rockandsports.com.ar\/wp-content\/uploads\/2026\/01\/348c4a55-52c3-464d-8747-b36702325b96-169x300.jpg 169w, https:\/\/rockandsports.com.ar\/wp-content\/uploads\/2026\/01\/348c4a55-52c3-464d-8747-b36702325b96-768x1365.jpg 768w, https:\/\/rockandsports.com.ar\/wp-content\/uploads\/2026\/01\/348c4a55-52c3-464d-8747-b36702325b96-864x1536.jpg 864w, https:\/\/rockandsports.com.ar\/wp-content\/uploads\/2026\/01\/348c4a55-52c3-464d-8747-b36702325b96.jpg 1125w\" sizes=\"(max-width: 576px) 100vw, 576px\" \/><\/figure>\n\n\n\n<p>Adem\u00e1s habr\u00e1 jineteadas, djs en vivo, academias de danzas comidas t\u00edpicas y muchas sorpresas m\u00e1s. <\/p>\n\n\n\n<figure class=\"wp-block-image size-large\"><img loading=\"lazy\" decoding=\"async\" width=\"1024\" height=\"303\" src=\"https:\/\/rockandsports.com.ar\/wp-content\/uploads\/2026\/01\/8d8c3bcf-d6a7-419c-9c73-da02d9c43675-1024x303.jpg\" class=\"wp-image-6220\" srcset=\"https:\/\/rockandsports.com.ar\/wp-content\/uploads\/2026\/01\/8d8c3bcf-d6a7-419c-9c73-da02d9c43675-1024x303.jpg 1024w, https:\/\/rockandsports.com.ar\/wp-content\/uploads\/2026\/01\/8d8c3bcf-d6a7-419c-9c73-da02d9c43675-300x89.jpg 300w, https:\/\/rockandsports.com.ar\/wp-content\/uploads\/2026\/01\/8d8c3bcf-d6a7-419c-9c73-da02d9c43675-768x227.jpg 768w, https:\/\/rockandsports.com.ar\/wp-content\/uploads\/2026\/01\/8d8c3bcf-d6a7-419c-9c73-da02d9c43675-1536x454.jpg 1536w, https:\/\/rockandsports.com.ar\/wp-content\/uploads\/2026\/01\/8d8c3bcf-d6a7-419c-9c73-da02d9c43675.jpg 1576w\" sizes=\"(max-width: 1024px) 100vw, 1024px\" \/><\/figure>\n","protected":false},"excerpt":{"rendered":"<p>El festival de la Canci\u00f3n Popular en la ciudad de Sumampa, ya es un cl\u00e1sico en el calendario de febrero<\/p>\n","protected":false},"author":4,"featured_media":6222,"comment_status":"closed","ping_status":"open","sticky":false,"template":"","format":"standard","meta":{"footnotes":""},"categories":[226,56,6],"tags":[],"class_list":["post-6223","post","type-post","status-publish","format-standard","has-post-thumbnail","hentry","category-actualidad","category-espectaculos","category-noticias"],"yoast_head":"<!-- This site is optimized with the Yoast SEO plugin v23.8 - https:\/\/yoast.com\/wordpress\/plugins\/seo\/ -->\n<title>El Festival de la Canci\u00f3n Popular de Sumampa tendr\u00e1 una grilla imperdible - Radio Rock and Sports<\/title>\n<meta name=\"robots\" content=\"index, follow, max-snippet:-1, max-image-preview:large, max-video-preview:-1\" \/>\n<link rel=\"canonical\" href=\"https:\/\/rockandsports.com.ar\/index.php\/2026\/01\/20\/el-festival-de-la-cancion-popular-de-sumampa-tendra-una-grilla-imperdible\/\" \/>\n<meta property=\"og:locale\" content=\"en_US\" \/>\n<meta property=\"og:type\" content=\"article\" \/>\n<meta property=\"og:title\" content=\"El Festival de la Canci\u00f3n Popular de Sumampa tendr\u00e1 una grilla imperdible - Radio Rock and Sports\" \/>\n<meta property=\"og:description\" content=\"El festival de la Canci\u00f3n Popular en la ciudad de Sumampa, ya es un cl\u00e1sico en el calendario de febrero\" \/>\n<meta property=\"og:url\" content=\"https:\/\/rockandsports.com.ar\/index.php\/2026\/01\/20\/el-festival-de-la-cancion-popular-de-sumampa-tendra-una-grilla-imperdible\/\" \/>\n<meta property=\"og:site_name\" content=\"Radio Rock and Sports\" \/>\n<meta property=\"article:published_time\" content=\"2026-01-20T15:02:16+00:00\" \/>\n<meta property=\"og:image\" content=\"https:\/\/rockandsports.com.ar\/wp-content\/uploads\/2026\/01\/37583eee-163a-4f1a-ae93-327754d8e2bb.jpg\" \/>\n\t<meta property=\"og:image:width\" content=\"800\" \/>\n\t<meta property=\"og:image:height\" content=\"1027\" \/>\n\t<meta property=\"og:image:type\" content=\"image\/jpeg\" \/>\n<meta name=\"author\" content=\"Martin Campo\" \/>\n<meta name=\"twitter:card\" content=\"summary_large_image\" \/>\n<meta name=\"twitter:label1\" content=\"Written by\" \/>\n\t<meta name=\"twitter:data1\" content=\"Martin Campo\" \/>\n\t<meta name=\"twitter:label2\" content=\"Est. reading time\" \/>\n\t<meta name=\"twitter:data2\" content=\"1 minute\" \/>\n<script type=\"application\/ld+json\" class=\"yoast-schema-graph\">{\"@context\":\"https:\/\/schema.org\",\"@graph\":[{\"@type\":\"WebPage\",\"@id\":\"https:\/\/rockandsports.com.ar\/index.php\/2026\/01\/20\/el-festival-de-la-cancion-popular-de-sumampa-tendra-una-grilla-imperdible\/\",\"url\":\"https:\/\/rockandsports.com.ar\/index.php\/2026\/01\/20\/el-festival-de-la-cancion-popular-de-sumampa-tendra-una-grilla-imperdible\/\",\"name\":\"El Festival de la Canci\u00f3n Popular de Sumampa tendr\u00e1 una grilla imperdible - Radio Rock and Sports\",\"isPartOf\":{\"@id\":\"https:\/\/rockandsports.com.ar\/#website\"},\"primaryImageOfPage\":{\"@id\":\"https:\/\/rockandsports.com.ar\/index.php\/2026\/01\/20\/el-festival-de-la-cancion-popular-de-sumampa-tendra-una-grilla-imperdible\/#primaryimage\"},\"image\":{\"@id\":\"https:\/\/rockandsports.com.ar\/index.php\/2026\/01\/20\/el-festival-de-la-cancion-popular-de-sumampa-tendra-una-grilla-imperdible\/#primaryimage\"},\"thumbnailUrl\":\"https:\/\/rockandsports.com.ar\/wp-content\/uploads\/2026\/01\/37583eee-163a-4f1a-ae93-327754d8e2bb.jpg\",\"datePublished\":\"2026-01-20T15:02:16+00:00\",\"dateModified\":\"2026-01-20T15:02:16+00:00\",\"author\":{\"@id\":\"https:\/\/rockandsports.com.ar\/#\/schema\/person\/b8fe5cae2a04cbff6a8561d60ee04157\"},\"breadcrumb\":{\"@id\":\"https:\/\/rockandsports.com.ar\/index.php\/2026\/01\/20\/el-festival-de-la-cancion-popular-de-sumampa-tendra-una-grilla-imperdible\/#breadcrumb\"},\"inLanguage\":\"en-US\",\"potentialAction\":[{\"@type\":\"ReadAction\",\"target\":[\"https:\/\/rockandsports.com.ar\/index.php\/2026\/01\/20\/el-festival-de-la-cancion-popular-de-sumampa-tendra-una-grilla-imperdible\/\"]}]},{\"@type\":\"ImageObject\",\"inLanguage\":\"en-US\",\"@id\":\"https:\/\/rockandsports.com.ar\/index.php\/2026\/01\/20\/el-festival-de-la-cancion-popular-de-sumampa-tendra-una-grilla-imperdible\/#primaryimage\",\"url\":\"https:\/\/rockandsports.com.ar\/wp-content\/uploads\/2026\/01\/37583eee-163a-4f1a-ae93-327754d8e2bb.jpg\",\"contentUrl\":\"https:\/\/rockandsports.com.ar\/wp-content\/uploads\/2026\/01\/37583eee-163a-4f1a-ae93-327754d8e2bb.jpg\",\"width\":800,\"height\":1027},{\"@type\":\"BreadcrumbList\",\"@id\":\"https:\/\/rockandsports.com.ar\/index.php\/2026\/01\/20\/el-festival-de-la-cancion-popular-de-sumampa-tendra-una-grilla-imperdible\/#breadcrumb\",\"itemListElement\":[{\"@type\":\"ListItem\",\"position\":1,\"name\":\"Portada\",\"item\":\"https:\/\/rockandsports.com.ar\/\"},{\"@type\":\"ListItem\",\"position\":2,\"name\":\"El Festival de la Canci\u00f3n Popular de Sumampa tendr\u00e1 una grilla imperdible\"}]},{\"@type\":\"WebSite\",\"@id\":\"https:\/\/rockandsports.com.ar\/#website\",\"url\":\"https:\/\/rockandsports.com.ar\/\",\"name\":\"Radio Rock and Sports\",\"description\":\"\",\"potentialAction\":[{\"@type\":\"SearchAction\",\"target\":{\"@type\":\"EntryPoint\",\"urlTemplate\":\"https:\/\/rockandsports.com.ar\/?s={search_term_string}\"},\"query-input\":{\"@type\":\"PropertyValueSpecification\",\"valueRequired\":true,\"valueName\":\"search_term_string\"}}],\"inLanguage\":\"en-US\"},{\"@type\":\"Person\",\"@id\":\"https:\/\/rockandsports.com.ar\/#\/schema\/person\/b8fe5cae2a04cbff6a8561d60ee04157\",\"name\":\"Martin Campo\",\"image\":{\"@type\":\"ImageObject\",\"inLanguage\":\"en-US\",\"@id\":\"https:\/\/rockandsports.com.ar\/#\/schema\/person\/image\/\",\"url\":\"https:\/\/secure.gravatar.com\/avatar\/223cfe0932b36f81a912f199fd08a6fe?s=96&d=retro&r=g\",\"contentUrl\":\"https:\/\/secure.gravatar.com\/avatar\/223cfe0932b36f81a912f199fd08a6fe?s=96&d=retro&r=g\",\"caption\":\"Martin Campo\"},\"url\":\"https:\/\/rockandsports.com.ar\/index.php\/author\/mcampo\/\"}]}<\/script>\n<!-- \/ Yoast SEO plugin. -->","yoast_head_json":{"title":"El Festival de la Canci\u00f3n Popular de Sumampa tendr\u00e1 una grilla imperdible - Radio Rock and Sports","robots":{"index":"index","follow":"follow","max-snippet":"max-snippet:-1","max-image-preview":"max-image-preview:large","max-video-preview":"max-video-preview:-1"},"canonical":"https:\/\/rockandsports.com.ar\/index.php\/2026\/01\/20\/el-festival-de-la-cancion-popular-de-sumampa-tendra-una-grilla-imperdible\/","og_locale":"en_US","og_type":"article","og_title":"El Festival de la Canci\u00f3n Popular de Sumampa tendr\u00e1 una grilla imperdible - Radio Rock and Sports","og_description":"El festival de la Canci\u00f3n Popular en la ciudad de Sumampa, ya es un cl\u00e1sico en el calendario de febrero","og_url":"https:\/\/rockandsports.com.ar\/index.php\/2026\/01\/20\/el-festival-de-la-cancion-popular-de-sumampa-tendra-una-grilla-imperdible\/","og_site_name":"Radio Rock and Sports","article_published_time":"2026-01-20T15:02:16+00:00","og_image":[{"width":800,"height":1027,"url":"https:\/\/rockandsports.com.ar\/wp-content\/uploads\/2026\/01\/37583eee-163a-4f1a-ae93-327754d8e2bb.jpg","type":"image\/jpeg"}],"author":"Martin Campo","twitter_card":"summary_large_image","twitter_misc":{"Written by":"Martin Campo","Est. reading time":"1 minute"},"schema":{"@context":"https:\/\/schema.org","@graph":[{"@type":"WebPage","@id":"https:\/\/rockandsports.com.ar\/index.php\/2026\/01\/20\/el-festival-de-la-cancion-popular-de-sumampa-tendra-una-grilla-imperdible\/","url":"https:\/\/rockandsports.com.ar\/index.php\/2026\/01\/20\/el-festival-de-la-cancion-popular-de-sumampa-tendra-una-grilla-imperdible\/","name":"El Festival de la Canci\u00f3n Popular de Sumampa tendr\u00e1 una grilla imperdible - Radio Rock and Sports","isPartOf":{"@id":"https:\/\/rockandsports.com.ar\/#website"},"primaryImageOfPage":{"@id":"https:\/\/rockandsports.com.ar\/index.php\/2026\/01\/20\/el-festival-de-la-cancion-popular-de-sumampa-tendra-una-grilla-imperdible\/#primaryimage"},"image":{"@id":"https:\/\/rockandsports.com.ar\/index.php\/2026\/01\/20\/el-festival-de-la-cancion-popular-de-sumampa-tendra-una-grilla-imperdible\/#primaryimage"},"thumbnailUrl":"https:\/\/rockandsports.com.ar\/wp-content\/uploads\/2026\/01\/37583eee-163a-4f1a-ae93-327754d8e2bb.jpg","datePublished":"2026-01-20T15:02:16+00:00","dateModified":"2026-01-20T15:02:16+00:00","author":{"@id":"https:\/\/rockandsports.com.ar\/#\/schema\/person\/b8fe5cae2a04cbff6a8561d60ee04157"},"breadcrumb":{"@id":"https:\/\/rockandsports.com.ar\/index.php\/2026\/01\/20\/el-festival-de-la-cancion-popular-de-sumampa-tendra-una-grilla-imperdible\/#breadcrumb"},"inLanguage":"en-US","potentialAction":[{"@type":"ReadAction","target":["https:\/\/rockandsports.com.ar\/index.php\/2026\/01\/20\/el-festival-de-la-cancion-popular-de-sumampa-tendra-una-grilla-imperdible\/"]}]},{"@type":"ImageObject","inLanguage":"en-US","@id":"https:\/\/rockandsports.com.ar\/index.php\/2026\/01\/20\/el-festival-de-la-cancion-popular-de-sumampa-tendra-una-grilla-imperdible\/#primaryimage","url":"https:\/\/rockandsports.com.ar\/wp-content\/uploads\/2026\/01\/37583eee-163a-4f1a-ae93-327754d8e2bb.jpg","contentUrl":"https:\/\/rockandsports.com.ar\/wp-content\/uploads\/2026\/01\/37583eee-163a-4f1a-ae93-327754d8e2bb.jpg","width":800,"height":1027},{"@type":"BreadcrumbList","@id":"https:\/\/rockandsports.com.ar\/index.php\/2026\/01\/20\/el-festival-de-la-cancion-popular-de-sumampa-tendra-una-grilla-imperdible\/#breadcrumb","itemListElement":[{"@type":"ListItem","position":1,"name":"Portada","item":"https:\/\/rockandsports.com.ar\/"},{"@type":"ListItem","position":2,"name":"El Festival de la Canci\u00f3n Popular de Sumampa tendr\u00e1 una grilla imperdible"}]},{"@type":"WebSite","@id":"https:\/\/rockandsports.com.ar\/#website","url":"https:\/\/rockandsports.com.ar\/","name":"Radio Rock and Sports","description":"","potentialAction":[{"@type":"SearchAction","target":{"@type":"EntryPoint","urlTemplate":"https:\/\/rockandsports.com.ar\/?s={search_term_string}"},"query-input":{"@type":"PropertyValueSpecification","valueRequired":true,"valueName":"search_term_string"}}],"inLanguage":"en-US"},{"@type":"Person","@id":"https:\/\/rockandsports.com.ar\/#\/schema\/person\/b8fe5cae2a04cbff6a8561d60ee04157","name":"Martin Campo","image":{"@type":"ImageObject","inLanguage":"en-US","@id":"https:\/\/rockandsports.com.ar\/#\/schema\/person\/image\/","url":"https:\/\/secure.gravatar.com\/avatar\/223cfe0932b36f81a912f199fd08a6fe?s=96&d=retro&r=g","contentUrl":"https:\/\/secure.gravatar.com\/avatar\/223cfe0932b36f81a912f199fd08a6fe?s=96&d=retro&r=g","caption":"Martin Campo"},"url":"https:\/\/rockandsports.com.ar\/index.php\/author\/mcampo\/"}]}},"_links":{"self":[{"href":"https:\/\/rockandsports.com.ar\/index.php\/wp-json\/wp\/v2\/posts\/6223","targetHints":{"allow":["GET"]}}],"collection":[{"href":"https:\/\/rockandsports.com.ar\/index.php\/wp-json\/wp\/v2\/posts"}],"about":[{"href":"https:\/\/rockandsports.com.ar\/index.php\/wp-json\/wp\/v2\/types\/post"}],"author":[{"embeddable":true,"href":"https:\/\/rockandsports.com.ar\/index.php\/wp-json\/wp\/v2\/users\/4"}],"replies":[{"embeddable":true,"href":"https:\/\/rockandsports.com.ar\/index.php\/wp-json\/wp\/v2\/comments?post=6223"}],"version-history":[{"count":1,"href":"https:\/\/rockandsports.com.ar\/index.php\/wp-json\/wp\/v2\/posts\/6223\/revisions"}],"predecessor-version":[{"id":6224,"href":"https:\/\/rockandsports.com.ar\/index.php\/wp-json\/wp\/v2\/posts\/6223\/revisions\/6224"}],"wp:featuredmedia":[{"embeddable":true,"href":"https:\/\/rockandsports.com.ar\/index.php\/wp-json\/wp\/v2\/media\/6222"}],"wp:attachment":[{"href":"https:\/\/rockandsports.com.ar\/index.php\/wp-json\/wp\/v2\/media?parent=6223"}],"wp:term":[{"taxonomy":"category","embeddable":true,"href":"https:\/\/rockandsports.com.ar\/index.php\/wp-json\/wp\/v2\/categories?post=6223"},{"taxonomy":"post_tag","embeddable":true,"href":"https:\/\/rockandsports.com.ar\/index.php\/wp-json\/wp\/v2\/tags?post=6223"}],"curies":[{"name":"wp","href":"https:\/\/api.w.org\/{rel}","templated":true}]}}