{"id":614,"date":"2023-03-20T11:44:59","date_gmt":"2023-03-20T11:44:59","guid":{"rendered":"https:\/\/rockandsports.com.ar\/?p=614"},"modified":"2023-03-20T11:45:00","modified_gmt":"2023-03-20T11:45:00","slug":"olimpico-fue-un-ciclon-para-san-lorenzo","status":"publish","type":"post","link":"https:\/\/rockandsports.com.ar\/index.php\/2023\/03\/20\/olimpico-fue-un-ciclon-para-san-lorenzo\/","title":{"rendered":"Ol\u00edmpico fue un cicl\u00f3n para San Lorenzo"},"content":{"rendered":"\n<p>El triunfo de el &#8220;negro bande\u00f1o&#8221; le permite ilusionarse con la clasificaci\u00f3n. <\/p>\n\n\n\n<p>El Negro se impuso sobre el Cicl\u00f3n por 88-63 para seguir por la senda ganadora buscando meterse entre los cuatro primeros. Acu\u00f1a se despach\u00f3 con 19 puntos.<\/p>\n\n\n\n<p>Ante un buen marco de p\u00fablico y con un Roberto Acu\u00f1a imparable, Ol\u00edmpico derrot\u00f3 a San Lorenzo en el Vicente Rosales por 88-63 y logr\u00f3 su segunda victoria consecutiva en la Liga Nacional.<\/p>\n\n\n\n<p>Comienzo fren\u00e9tico de partido con buenas ofensivas de ambos para el gol a gol que mostraba paridad en el score. Mano caliente para el Pato Tabarez con siete puntos para que el Negro saque una luz de ventaja obligando el primer tiempo muerto de Leonardo Costa. Tras ello, el Cicl\u00f3n consegu\u00eda ponerse en ventaja con un triple de Pelorosso, pero Ol\u00edmpico contest\u00f3 por la misma v\u00eda con Hure. El Negro lo cerr\u00f3 a su favor por 19-15.<\/p>\n\n\n\n<figure class=\"wp-block-image\"><img decoding=\"async\" src=\"https:\/\/www.laliganacional.com.ar\/uploadsfotos\/IMG_1830.JPG\" alt=\"\" \/><\/figure>\n\n\n\n<p>El arranque del segundo parcial fue similar al primero, con buena selecci\u00f3n de lanzamientos de ambos lados. Buenos ingresos de Negrete y C\u00e1ceres en el local para darle frescura a la ofensiva aportando en el goleo. Ol\u00edmpico ajust\u00f3 la defensa y sigui\u00f3 efectivo en ofensiva para sacar la m\u00e1xima (31-21). Los de Leo Guti\u00e9rrez aprovechaban su momento y con la presencia de Acu\u00f1a en la pintura estiraba la brecha. As\u00ed, el Negro volv\u00eda a cerrarlo mejor y se iba al descanso largo arriba por 43-34.<\/p>\n\n\n\n<figure class=\"wp-block-image\"><img decoding=\"async\" src=\"https:\/\/www.laliganacional.com.ar\/uploadsfotos\/IMG_1813.JPG\" alt=\"\" \/><\/figure>\n\n\n\n<p>En el inicio del tercer cuarto el Toro Acu\u00f1a sigui\u00f3 haciendo de las suyas en la zona pintada para que el Negro se aleje en el marcador. El local dominaba el juego y se floreaba ante un San Lorenzo confundido. Los de Leo Guti\u00e9rrez impon\u00edan su juego y quebraban el partido para entrar a disputar los \u00faltimos diez minutos con una buena ventaja (64-46).<\/p>\n\n\n\n<figure class=\"wp-block-image\"><img decoding=\"async\" src=\"https:\/\/www.laliganacional.com.ar\/uploadsfotos\/IMG_1829.JPG\" alt=\"\" \/><\/figure>\n\n\n\n<p>En el \u00faltimo segmento Ol\u00edmpico segu\u00eda como claro dominador del partido mostrando un juego asociado que le permit\u00eda estirar una diferencia indescontable reflejando la posici\u00f3n de ambos en la tabla. El final decret\u00f3 una gran victoria del Negro, que termin\u00f3 jugando con juveniles ante su gente y que se ilusiona con meterse entre los cuatro primeros.<\/p>\n\n\n\n<p>En la pr\u00f3xima fecha, Ol\u00edmpico visitar\u00e1 el jueves a Comunicaciones, mientras que San Lorenzo se medir\u00e1 con Quimsa el martes en el estadio Ciudad.<\/p>\n\n\n\n<p><strong>Informe y fotos:<\/strong>&nbsp;Prensa Ol\u00edmpico.<\/p>\n","protected":false},"excerpt":{"rendered":"<p>El triunfo de el &#8220;negro bande\u00f1o&#8221; le permite ilusionarse con la clasificaci\u00f3n. El Negro se impuso sobre el Cicl\u00f3n por<\/p>\n","protected":false},"author":5,"featured_media":0,"comment_status":"open","ping_status":"open","sticky":false,"template":"","format":"standard","meta":{"footnotes":""},"categories":[5,4],"tags":[48,50,49],"class_list":["post-614","post","type-post","status-publish","format-standard","hentry","category-basket","category-deporte","tag-basquet","tag-liganacional","tag-olimpico"],"yoast_head":"<!-- This site is optimized with the Yoast SEO plugin v23.8 - https:\/\/yoast.com\/wordpress\/plugins\/seo\/ -->\n<title>Ol\u00edmpico fue un cicl\u00f3n para San Lorenzo - Radio Rock and Sports<\/title>\n<meta name=\"robots\" content=\"index, follow, max-snippet:-1, max-image-preview:large, max-video-preview:-1\" \/>\n<link rel=\"canonical\" href=\"https:\/\/rockandsports.com.ar\/index.php\/2023\/03\/20\/olimpico-fue-un-ciclon-para-san-lorenzo\/\" \/>\n<meta property=\"og:locale\" content=\"en_US\" \/>\n<meta property=\"og:type\" content=\"article\" \/>\n<meta property=\"og:title\" content=\"Ol\u00edmpico fue un cicl\u00f3n para San Lorenzo - Radio Rock and Sports\" \/>\n<meta property=\"og:description\" content=\"El triunfo de el &#8220;negro bande\u00f1o&#8221; le permite ilusionarse con la clasificaci\u00f3n. El Negro se impuso sobre el Cicl\u00f3n por\" \/>\n<meta property=\"og:url\" content=\"https:\/\/rockandsports.com.ar\/index.php\/2023\/03\/20\/olimpico-fue-un-ciclon-para-san-lorenzo\/\" \/>\n<meta property=\"og:site_name\" content=\"Radio Rock and Sports\" \/>\n<meta property=\"article:published_time\" content=\"2023-03-20T11:44:59+00:00\" \/>\n<meta property=\"article:modified_time\" content=\"2023-03-20T11:45:00+00:00\" \/>\n<meta property=\"og:image\" content=\"https:\/\/rockandsports.com.ar\/wp-content\/uploads\/2023\/03\/Liga-Nacional-2022_23-Olimpico-v-San-Lorenzo-1024x683-1.jpg\" \/>\n\t<meta property=\"og:image:width\" content=\"1024\" \/>\n\t<meta property=\"og:image:height\" content=\"683\" \/>\n\t<meta property=\"og:image:type\" content=\"image\/jpeg\" \/>\n<meta name=\"author\" content=\"Gustavo Fares\" \/>\n<meta name=\"twitter:card\" content=\"summary_large_image\" \/>\n<meta name=\"twitter:label1\" content=\"Written by\" \/>\n\t<meta name=\"twitter:data1\" content=\"Gustavo Fares\" \/>\n\t<meta name=\"twitter:label2\" content=\"Est. reading time\" \/>\n\t<meta name=\"twitter:data2\" content=\"2 minutes\" \/>\n<script type=\"application\/ld+json\" class=\"yoast-schema-graph\">{\"@context\":\"https:\/\/schema.org\",\"@graph\":[{\"@type\":\"WebPage\",\"@id\":\"https:\/\/rockandsports.com.ar\/index.php\/2023\/03\/20\/olimpico-fue-un-ciclon-para-san-lorenzo\/\",\"url\":\"https:\/\/rockandsports.com.ar\/index.php\/2023\/03\/20\/olimpico-fue-un-ciclon-para-san-lorenzo\/\",\"name\":\"Ol\u00edmpico fue un cicl\u00f3n para San Lorenzo - Radio Rock and Sports\",\"isPartOf\":{\"@id\":\"https:\/\/rockandsports.com.ar\/#website\"},\"primaryImageOfPage\":{\"@id\":\"https:\/\/rockandsports.com.ar\/index.php\/2023\/03\/20\/olimpico-fue-un-ciclon-para-san-lorenzo\/#primaryimage\"},\"image\":{\"@id\":\"https:\/\/rockandsports.com.ar\/index.php\/2023\/03\/20\/olimpico-fue-un-ciclon-para-san-lorenzo\/#primaryimage\"},\"thumbnailUrl\":\"https:\/\/www.laliganacional.com.ar\/uploadsfotos\/IMG_1830.JPG\",\"datePublished\":\"2023-03-20T11:44:59+00:00\",\"dateModified\":\"2023-03-20T11:45:00+00:00\",\"author\":{\"@id\":\"https:\/\/rockandsports.com.ar\/#\/schema\/person\/0eeb74d093e36ea94f2de24758c943ce\"},\"breadcrumb\":{\"@id\":\"https:\/\/rockandsports.com.ar\/index.php\/2023\/03\/20\/olimpico-fue-un-ciclon-para-san-lorenzo\/#breadcrumb\"},\"inLanguage\":\"en-US\",\"potentialAction\":[{\"@type\":\"ReadAction\",\"target\":[\"https:\/\/rockandsports.com.ar\/index.php\/2023\/03\/20\/olimpico-fue-un-ciclon-para-san-lorenzo\/\"]}]},{\"@type\":\"ImageObject\",\"inLanguage\":\"en-US\",\"@id\":\"https:\/\/rockandsports.com.ar\/index.php\/2023\/03\/20\/olimpico-fue-un-ciclon-para-san-lorenzo\/#primaryimage\",\"url\":\"https:\/\/www.laliganacional.com.ar\/uploadsfotos\/IMG_1830.JPG\",\"contentUrl\":\"https:\/\/www.laliganacional.com.ar\/uploadsfotos\/IMG_1830.JPG\"},{\"@type\":\"BreadcrumbList\",\"@id\":\"https:\/\/rockandsports.com.ar\/index.php\/2023\/03\/20\/olimpico-fue-un-ciclon-para-san-lorenzo\/#breadcrumb\",\"itemListElement\":[{\"@type\":\"ListItem\",\"position\":1,\"name\":\"Portada\",\"item\":\"https:\/\/rockandsports.com.ar\/\"},{\"@type\":\"ListItem\",\"position\":2,\"name\":\"Ol\u00edmpico fue un cicl\u00f3n para San Lorenzo\"}]},{\"@type\":\"WebSite\",\"@id\":\"https:\/\/rockandsports.com.ar\/#website\",\"url\":\"https:\/\/rockandsports.com.ar\/\",\"name\":\"Radio Rock and Sports\",\"description\":\"\",\"potentialAction\":[{\"@type\":\"SearchAction\",\"target\":{\"@type\":\"EntryPoint\",\"urlTemplate\":\"https:\/\/rockandsports.com.ar\/?s={search_term_string}\"},\"query-input\":{\"@type\":\"PropertyValueSpecification\",\"valueRequired\":true,\"valueName\":\"search_term_string\"}}],\"inLanguage\":\"en-US\"},{\"@type\":\"Person\",\"@id\":\"https:\/\/rockandsports.com.ar\/#\/schema\/person\/0eeb74d093e36ea94f2de24758c943ce\",\"name\":\"Gustavo Fares\",\"image\":{\"@type\":\"ImageObject\",\"inLanguage\":\"en-US\",\"@id\":\"https:\/\/rockandsports.com.ar\/#\/schema\/person\/image\/\",\"url\":\"https:\/\/secure.gravatar.com\/avatar\/471d237616c942468436419ec4923fbf?s=96&d=retro&r=g\",\"contentUrl\":\"https:\/\/secure.gravatar.com\/avatar\/471d237616c942468436419ec4923fbf?s=96&d=retro&r=g\",\"caption\":\"Gustavo Fares\"},\"url\":\"https:\/\/rockandsports.com.ar\/index.php\/author\/gfares\/\"}]}<\/script>\n<!-- \/ Yoast SEO plugin. -->","yoast_head_json":{"title":"Ol\u00edmpico fue un cicl\u00f3n para San Lorenzo - Radio Rock and Sports","robots":{"index":"index","follow":"follow","max-snippet":"max-snippet:-1","max-image-preview":"max-image-preview:large","max-video-preview":"max-video-preview:-1"},"canonical":"https:\/\/rockandsports.com.ar\/index.php\/2023\/03\/20\/olimpico-fue-un-ciclon-para-san-lorenzo\/","og_locale":"en_US","og_type":"article","og_title":"Ol\u00edmpico fue un cicl\u00f3n para San Lorenzo - Radio Rock and Sports","og_description":"El triunfo de el &#8220;negro bande\u00f1o&#8221; le permite ilusionarse con la clasificaci\u00f3n. El Negro se impuso sobre el Cicl\u00f3n por","og_url":"https:\/\/rockandsports.com.ar\/index.php\/2023\/03\/20\/olimpico-fue-un-ciclon-para-san-lorenzo\/","og_site_name":"Radio Rock and Sports","article_published_time":"2023-03-20T11:44:59+00:00","article_modified_time":"2023-03-20T11:45:00+00:00","og_image":[{"width":1024,"height":683,"url":"https:\/\/rockandsports.com.ar\/wp-content\/uploads\/2023\/03\/Liga-Nacional-2022_23-Olimpico-v-San-Lorenzo-1024x683-1.jpg","type":"image\/jpeg"}],"author":"Gustavo Fares","twitter_card":"summary_large_image","twitter_misc":{"Written by":"Gustavo Fares","Est. reading time":"2 minutes"},"schema":{"@context":"https:\/\/schema.org","@graph":[{"@type":"WebPage","@id":"https:\/\/rockandsports.com.ar\/index.php\/2023\/03\/20\/olimpico-fue-un-ciclon-para-san-lorenzo\/","url":"https:\/\/rockandsports.com.ar\/index.php\/2023\/03\/20\/olimpico-fue-un-ciclon-para-san-lorenzo\/","name":"Ol\u00edmpico fue un cicl\u00f3n para San Lorenzo - Radio Rock and Sports","isPartOf":{"@id":"https:\/\/rockandsports.com.ar\/#website"},"primaryImageOfPage":{"@id":"https:\/\/rockandsports.com.ar\/index.php\/2023\/03\/20\/olimpico-fue-un-ciclon-para-san-lorenzo\/#primaryimage"},"image":{"@id":"https:\/\/rockandsports.com.ar\/index.php\/2023\/03\/20\/olimpico-fue-un-ciclon-para-san-lorenzo\/#primaryimage"},"thumbnailUrl":"https:\/\/www.laliganacional.com.ar\/uploadsfotos\/IMG_1830.JPG","datePublished":"2023-03-20T11:44:59+00:00","dateModified":"2023-03-20T11:45:00+00:00","author":{"@id":"https:\/\/rockandsports.com.ar\/#\/schema\/person\/0eeb74d093e36ea94f2de24758c943ce"},"breadcrumb":{"@id":"https:\/\/rockandsports.com.ar\/index.php\/2023\/03\/20\/olimpico-fue-un-ciclon-para-san-lorenzo\/#breadcrumb"},"inLanguage":"en-US","potentialAction":[{"@type":"ReadAction","target":["https:\/\/rockandsports.com.ar\/index.php\/2023\/03\/20\/olimpico-fue-un-ciclon-para-san-lorenzo\/"]}]},{"@type":"ImageObject","inLanguage":"en-US","@id":"https:\/\/rockandsports.com.ar\/index.php\/2023\/03\/20\/olimpico-fue-un-ciclon-para-san-lorenzo\/#primaryimage","url":"https:\/\/www.laliganacional.com.ar\/uploadsfotos\/IMG_1830.JPG","contentUrl":"https:\/\/www.laliganacional.com.ar\/uploadsfotos\/IMG_1830.JPG"},{"@type":"BreadcrumbList","@id":"https:\/\/rockandsports.com.ar\/index.php\/2023\/03\/20\/olimpico-fue-un-ciclon-para-san-lorenzo\/#breadcrumb","itemListElement":[{"@type":"ListItem","position":1,"name":"Portada","item":"https:\/\/rockandsports.com.ar\/"},{"@type":"ListItem","position":2,"name":"Ol\u00edmpico fue un cicl\u00f3n para San Lorenzo"}]},{"@type":"WebSite","@id":"https:\/\/rockandsports.com.ar\/#website","url":"https:\/\/rockandsports.com.ar\/","name":"Radio Rock and Sports","description":"","potentialAction":[{"@type":"SearchAction","target":{"@type":"EntryPoint","urlTemplate":"https:\/\/rockandsports.com.ar\/?s={search_term_string}"},"query-input":{"@type":"PropertyValueSpecification","valueRequired":true,"valueName":"search_term_string"}}],"inLanguage":"en-US"},{"@type":"Person","@id":"https:\/\/rockandsports.com.ar\/#\/schema\/person\/0eeb74d093e36ea94f2de24758c943ce","name":"Gustavo Fares","image":{"@type":"ImageObject","inLanguage":"en-US","@id":"https:\/\/rockandsports.com.ar\/#\/schema\/person\/image\/","url":"https:\/\/secure.gravatar.com\/avatar\/471d237616c942468436419ec4923fbf?s=96&d=retro&r=g","contentUrl":"https:\/\/secure.gravatar.com\/avatar\/471d237616c942468436419ec4923fbf?s=96&d=retro&r=g","caption":"Gustavo Fares"},"url":"https:\/\/rockandsports.com.ar\/index.php\/author\/gfares\/"}]}},"_links":{"self":[{"href":"https:\/\/rockandsports.com.ar\/index.php\/wp-json\/wp\/v2\/posts\/614","targetHints":{"allow":["GET"]}}],"collection":[{"href":"https:\/\/rockandsports.com.ar\/index.php\/wp-json\/wp\/v2\/posts"}],"about":[{"href":"https:\/\/rockandsports.com.ar\/index.php\/wp-json\/wp\/v2\/types\/post"}],"author":[{"embeddable":true,"href":"https:\/\/rockandsports.com.ar\/index.php\/wp-json\/wp\/v2\/users\/5"}],"replies":[{"embeddable":true,"href":"https:\/\/rockandsports.com.ar\/index.php\/wp-json\/wp\/v2\/comments?post=614"}],"version-history":[{"count":1,"href":"https:\/\/rockandsports.com.ar\/index.php\/wp-json\/wp\/v2\/posts\/614\/revisions"}],"predecessor-version":[{"id":616,"href":"https:\/\/rockandsports.com.ar\/index.php\/wp-json\/wp\/v2\/posts\/614\/revisions\/616"}],"wp:attachment":[{"href":"https:\/\/rockandsports.com.ar\/index.php\/wp-json\/wp\/v2\/media?parent=614"}],"wp:term":[{"taxonomy":"category","embeddable":true,"href":"https:\/\/rockandsports.com.ar\/index.php\/wp-json\/wp\/v2\/categories?post=614"},{"taxonomy":"post_tag","embeddable":true,"href":"https:\/\/rockandsports.com.ar\/index.php\/wp-json\/wp\/v2\/tags?post=614"}],"curies":[{"name":"wp","href":"https:\/\/api.w.org\/{rel}","templated":true}]}}