{"id":5269,"date":"2024-07-03T21:40:21","date_gmt":"2024-07-03T21:40:21","guid":{"rendered":"https:\/\/rockandsports.com.ar\/?p=5269"},"modified":"2024-07-03T21:40:21","modified_gmt":"2024-07-03T21:40:21","slug":"gran-actuacion-en-salta-de-la-delegacion-santiaguena-en-el-regional-de-tenis-de-mesa","status":"publish","type":"post","link":"https:\/\/rockandsports.com.ar\/index.php\/2024\/07\/03\/gran-actuacion-en-salta-de-la-delegacion-santiaguena-en-el-regional-de-tenis-de-mesa\/","title":{"rendered":"Gran actuaci\u00f3n en Salta de la delegaci\u00f3n Santiague\u00f1a en el Regional de Tenis de Mesa"},"content":{"rendered":"\n<p>El S\u00e1bado 29 de junio se realiz\u00f3 la primera fecha del circuito regional en la Ciudad de Salta, en d\u00f3nde nuestros representantes lograron un brillante desempe\u00f1o en las distintas categor\u00edas que participaron.<\/p>\n\n\n\n<p>El tenis de mesa de Santiago del Estero viene en constante evoluci\u00f3n, y se ve reflejado en los exitosos logros obtenidos en cada torneo que participa nuestra provincia.<\/p>\n\n\n\n<figure class=\"wp-block-image size-large\"><img decoding=\"async\" src=\"https:\/\/rockandsports.com.ar\/wp-content\/uploads\/2024\/07\/c5af6d50-b04a-4070-9f3e-2870d3d905ad-1-1024x768.jpg\" class=\"wp-image-5267\" \/><\/figure>\n\n\n\n<p>La segunda fecha del Regional se jugar\u00e1 en Santiago del Estero el 7 y 8 de septiembre; y estar\u00e1 organizado por la Asociaci\u00f3n Norte Tenis de Mesa (ANTM) y la Escuela Eber Calosso.<\/p>\n\n\n\n<p>-Resultados de las Categor\u00edas:<\/p>\n\n\n\n<ul class=\"wp-block-list\">\n<li>Sub 11 femenina<br>Constantina Sialle, 3er puesto.<\/li>\n\n\n\n<li>Sub 13 femenina<br>Constantina Sialle, 3er puesto.<\/li>\n\n\n\n<li>Sub 15 Femenina<br>Luciana Fr\u00edas Paz, 1er lugar.<br>Malena Lopez Auat, 3er lugar.<br>Jazm\u00edn Zamora, 3er lugar.<\/li>\n\n\n\n<li>Sub 19 Femenina<br>Luciana Fr\u00edas Paz, 2do lugar.<br>Malena Lopez Auat, 3er puesto.<br>Jazm\u00edn Zamora, 3er puesto.<\/li>\n\n\n\n<li>Sub 23 Femenina<br>Valentina Rodriguez, 3er puesto.<\/li>\n\n\n\n<li>Toda Competidora Femenina<br>Luciana Fr\u00edas Paz, 1er puesto.<br>Malena Lopez Auat, 3er puesto.<\/li>\n\n\n\n<li>Senior 40 femenino<br>Cecilia Achaval, 3er puesto.<\/li>\n\n\n\n<li>Sub 13 masculino<br>Gregorio Molina, 3er puesto.<\/li>\n\n\n\n<li>Sub 19 masculino<br>Valentin Serrano, 1er puesto.<\/li>\n\n\n\n<li>Sub 23 Masculino<br>Valentin Serrano, 2do lugar.<\/li>\n\n\n\n<li>Todo Competidor<br>Valentin Serrano, 2do lugar.<br>Mauricio Acosta, 3er lugar.<\/li>\n\n\n\n<li>Senior 24<br>Agust\u00edn Asencio, 1er puesto<br>Martin Messad, 2do puesto.<br>Eber Calosso, 3rr puesto.<\/li>\n\n\n\n<li>Senior 30<br>Martin Messad, 3er puesto.<br>Eber Calosso, 3er puesto.<\/li>\n\n\n\n<li>Senior 40<br>Gustavo Lopez, 3er puesto.<br>Alejandro Razzolini, 3er puesto.<\/li>\n\n\n\n<li>Senior 50<br>Ricardo Acosta, 2do puesto.<\/li>\n<\/ul>\n","protected":false},"excerpt":{"rendered":"<p>El S\u00e1bado 29 de junio se realiz\u00f3 la primera fecha del circuito regional en la Ciudad de Salta, en d\u00f3nde<\/p>\n","protected":false},"author":4,"featured_media":0,"comment_status":"closed","ping_status":"open","sticky":false,"template":"","format":"standard","meta":{"footnotes":""},"categories":[4,6,210],"tags":[177],"class_list":["post-5269","post","type-post","status-publish","format-standard","hentry","category-deporte","category-noticias","category-tenis-de-mesa","tag-tenis-de-mesa"],"yoast_head":"<!-- This site is optimized with the Yoast SEO plugin v23.8 - https:\/\/yoast.com\/wordpress\/plugins\/seo\/ -->\n<title>Gran actuaci\u00f3n en Salta de la delegaci\u00f3n Santiague\u00f1a en el Regional de Tenis de Mesa - Radio Rock and Sports<\/title>\n<meta name=\"robots\" content=\"index, follow, max-snippet:-1, max-image-preview:large, max-video-preview:-1\" \/>\n<link rel=\"canonical\" href=\"https:\/\/rockandsports.com.ar\/index.php\/2024\/07\/03\/gran-actuacion-en-salta-de-la-delegacion-santiaguena-en-el-regional-de-tenis-de-mesa\/\" \/>\n<meta property=\"og:locale\" content=\"en_US\" \/>\n<meta property=\"og:type\" content=\"article\" \/>\n<meta property=\"og:title\" content=\"Gran actuaci\u00f3n en Salta de la delegaci\u00f3n Santiague\u00f1a en el Regional de Tenis de Mesa - Radio Rock and Sports\" \/>\n<meta property=\"og:description\" content=\"El S\u00e1bado 29 de junio se realiz\u00f3 la primera fecha del circuito regional en la Ciudad de Salta, en d\u00f3nde\" \/>\n<meta property=\"og:url\" content=\"https:\/\/rockandsports.com.ar\/index.php\/2024\/07\/03\/gran-actuacion-en-salta-de-la-delegacion-santiaguena-en-el-regional-de-tenis-de-mesa\/\" \/>\n<meta property=\"og:site_name\" content=\"Radio Rock and Sports\" \/>\n<meta property=\"article:published_time\" content=\"2024-07-03T21:40:21+00:00\" \/>\n<meta property=\"og:image\" content=\"https:\/\/rockandsports.com.ar\/wp-content\/uploads\/2024\/07\/ede2a984-95e2-4477-b555-a5693d657877-1.jpg\" \/>\n\t<meta property=\"og:image:width\" content=\"1280\" \/>\n\t<meta property=\"og:image:height\" content=\"960\" \/>\n\t<meta property=\"og:image:type\" content=\"image\/jpeg\" \/>\n<meta name=\"author\" content=\"Martin Campo\" \/>\n<meta name=\"twitter:card\" content=\"summary_large_image\" \/>\n<meta name=\"twitter:label1\" content=\"Written by\" \/>\n\t<meta name=\"twitter:data1\" content=\"Martin Campo\" \/>\n\t<meta name=\"twitter:label2\" content=\"Est. reading time\" \/>\n\t<meta name=\"twitter:data2\" content=\"1 minute\" \/>\n<script type=\"application\/ld+json\" class=\"yoast-schema-graph\">{\"@context\":\"https:\/\/schema.org\",\"@graph\":[{\"@type\":\"WebPage\",\"@id\":\"https:\/\/rockandsports.com.ar\/index.php\/2024\/07\/03\/gran-actuacion-en-salta-de-la-delegacion-santiaguena-en-el-regional-de-tenis-de-mesa\/\",\"url\":\"https:\/\/rockandsports.com.ar\/index.php\/2024\/07\/03\/gran-actuacion-en-salta-de-la-delegacion-santiaguena-en-el-regional-de-tenis-de-mesa\/\",\"name\":\"Gran actuaci\u00f3n en Salta de la delegaci\u00f3n Santiague\u00f1a en el Regional de Tenis de Mesa - Radio Rock and Sports\",\"isPartOf\":{\"@id\":\"https:\/\/rockandsports.com.ar\/#website\"},\"primaryImageOfPage\":{\"@id\":\"https:\/\/rockandsports.com.ar\/index.php\/2024\/07\/03\/gran-actuacion-en-salta-de-la-delegacion-santiaguena-en-el-regional-de-tenis-de-mesa\/#primaryimage\"},\"image\":{\"@id\":\"https:\/\/rockandsports.com.ar\/index.php\/2024\/07\/03\/gran-actuacion-en-salta-de-la-delegacion-santiaguena-en-el-regional-de-tenis-de-mesa\/#primaryimage\"},\"thumbnailUrl\":\"https:\/\/rockandsports.com.ar\/wp-content\/uploads\/2024\/07\/c5af6d50-b04a-4070-9f3e-2870d3d905ad-1-1024x768.jpg\",\"datePublished\":\"2024-07-03T21:40:21+00:00\",\"dateModified\":\"2024-07-03T21:40:21+00:00\",\"author\":{\"@id\":\"https:\/\/rockandsports.com.ar\/#\/schema\/person\/b8fe5cae2a04cbff6a8561d60ee04157\"},\"breadcrumb\":{\"@id\":\"https:\/\/rockandsports.com.ar\/index.php\/2024\/07\/03\/gran-actuacion-en-salta-de-la-delegacion-santiaguena-en-el-regional-de-tenis-de-mesa\/#breadcrumb\"},\"inLanguage\":\"en-US\",\"potentialAction\":[{\"@type\":\"ReadAction\",\"target\":[\"https:\/\/rockandsports.com.ar\/index.php\/2024\/07\/03\/gran-actuacion-en-salta-de-la-delegacion-santiaguena-en-el-regional-de-tenis-de-mesa\/\"]}]},{\"@type\":\"ImageObject\",\"inLanguage\":\"en-US\",\"@id\":\"https:\/\/rockandsports.com.ar\/index.php\/2024\/07\/03\/gran-actuacion-en-salta-de-la-delegacion-santiaguena-en-el-regional-de-tenis-de-mesa\/#primaryimage\",\"url\":\"\",\"contentUrl\":\"\"},{\"@type\":\"BreadcrumbList\",\"@id\":\"https:\/\/rockandsports.com.ar\/index.php\/2024\/07\/03\/gran-actuacion-en-salta-de-la-delegacion-santiaguena-en-el-regional-de-tenis-de-mesa\/#breadcrumb\",\"itemListElement\":[{\"@type\":\"ListItem\",\"position\":1,\"name\":\"Portada\",\"item\":\"https:\/\/rockandsports.com.ar\/\"},{\"@type\":\"ListItem\",\"position\":2,\"name\":\"Gran actuaci\u00f3n en Salta de la delegaci\u00f3n Santiague\u00f1a en el Regional de Tenis de Mesa\"}]},{\"@type\":\"WebSite\",\"@id\":\"https:\/\/rockandsports.com.ar\/#website\",\"url\":\"https:\/\/rockandsports.com.ar\/\",\"name\":\"Radio Rock and Sports\",\"description\":\"\",\"potentialAction\":[{\"@type\":\"SearchAction\",\"target\":{\"@type\":\"EntryPoint\",\"urlTemplate\":\"https:\/\/rockandsports.com.ar\/?s={search_term_string}\"},\"query-input\":{\"@type\":\"PropertyValueSpecification\",\"valueRequired\":true,\"valueName\":\"search_term_string\"}}],\"inLanguage\":\"en-US\"},{\"@type\":\"Person\",\"@id\":\"https:\/\/rockandsports.com.ar\/#\/schema\/person\/b8fe5cae2a04cbff6a8561d60ee04157\",\"name\":\"Martin Campo\",\"image\":{\"@type\":\"ImageObject\",\"inLanguage\":\"en-US\",\"@id\":\"https:\/\/rockandsports.com.ar\/#\/schema\/person\/image\/\",\"url\":\"https:\/\/secure.gravatar.com\/avatar\/223cfe0932b36f81a912f199fd08a6fe?s=96&d=retro&r=g\",\"contentUrl\":\"https:\/\/secure.gravatar.com\/avatar\/223cfe0932b36f81a912f199fd08a6fe?s=96&d=retro&r=g\",\"caption\":\"Martin Campo\"},\"url\":\"https:\/\/rockandsports.com.ar\/index.php\/author\/mcampo\/\"}]}<\/script>\n<!-- \/ Yoast SEO plugin. -->","yoast_head_json":{"title":"Gran actuaci\u00f3n en Salta de la delegaci\u00f3n Santiague\u00f1a en el Regional de Tenis de Mesa - Radio Rock and Sports","robots":{"index":"index","follow":"follow","max-snippet":"max-snippet:-1","max-image-preview":"max-image-preview:large","max-video-preview":"max-video-preview:-1"},"canonical":"https:\/\/rockandsports.com.ar\/index.php\/2024\/07\/03\/gran-actuacion-en-salta-de-la-delegacion-santiaguena-en-el-regional-de-tenis-de-mesa\/","og_locale":"en_US","og_type":"article","og_title":"Gran actuaci\u00f3n en Salta de la delegaci\u00f3n Santiague\u00f1a en el Regional de Tenis de Mesa - Radio Rock and Sports","og_description":"El S\u00e1bado 29 de junio se realiz\u00f3 la primera fecha del circuito regional en la Ciudad de Salta, en d\u00f3nde","og_url":"https:\/\/rockandsports.com.ar\/index.php\/2024\/07\/03\/gran-actuacion-en-salta-de-la-delegacion-santiaguena-en-el-regional-de-tenis-de-mesa\/","og_site_name":"Radio Rock and Sports","article_published_time":"2024-07-03T21:40:21+00:00","og_image":[{"width":1280,"height":960,"url":"https:\/\/rockandsports.com.ar\/wp-content\/uploads\/2024\/07\/ede2a984-95e2-4477-b555-a5693d657877-1.jpg","type":"image\/jpeg"}],"author":"Martin Campo","twitter_card":"summary_large_image","twitter_misc":{"Written by":"Martin Campo","Est. reading time":"1 minute"},"schema":{"@context":"https:\/\/schema.org","@graph":[{"@type":"WebPage","@id":"https:\/\/rockandsports.com.ar\/index.php\/2024\/07\/03\/gran-actuacion-en-salta-de-la-delegacion-santiaguena-en-el-regional-de-tenis-de-mesa\/","url":"https:\/\/rockandsports.com.ar\/index.php\/2024\/07\/03\/gran-actuacion-en-salta-de-la-delegacion-santiaguena-en-el-regional-de-tenis-de-mesa\/","name":"Gran actuaci\u00f3n en Salta de la delegaci\u00f3n Santiague\u00f1a en el Regional de Tenis de Mesa - Radio Rock and Sports","isPartOf":{"@id":"https:\/\/rockandsports.com.ar\/#website"},"primaryImageOfPage":{"@id":"https:\/\/rockandsports.com.ar\/index.php\/2024\/07\/03\/gran-actuacion-en-salta-de-la-delegacion-santiaguena-en-el-regional-de-tenis-de-mesa\/#primaryimage"},"image":{"@id":"https:\/\/rockandsports.com.ar\/index.php\/2024\/07\/03\/gran-actuacion-en-salta-de-la-delegacion-santiaguena-en-el-regional-de-tenis-de-mesa\/#primaryimage"},"thumbnailUrl":"https:\/\/rockandsports.com.ar\/wp-content\/uploads\/2024\/07\/c5af6d50-b04a-4070-9f3e-2870d3d905ad-1-1024x768.jpg","datePublished":"2024-07-03T21:40:21+00:00","dateModified":"2024-07-03T21:40:21+00:00","author":{"@id":"https:\/\/rockandsports.com.ar\/#\/schema\/person\/b8fe5cae2a04cbff6a8561d60ee04157"},"breadcrumb":{"@id":"https:\/\/rockandsports.com.ar\/index.php\/2024\/07\/03\/gran-actuacion-en-salta-de-la-delegacion-santiaguena-en-el-regional-de-tenis-de-mesa\/#breadcrumb"},"inLanguage":"en-US","potentialAction":[{"@type":"ReadAction","target":["https:\/\/rockandsports.com.ar\/index.php\/2024\/07\/03\/gran-actuacion-en-salta-de-la-delegacion-santiaguena-en-el-regional-de-tenis-de-mesa\/"]}]},{"@type":"ImageObject","inLanguage":"en-US","@id":"https:\/\/rockandsports.com.ar\/index.php\/2024\/07\/03\/gran-actuacion-en-salta-de-la-delegacion-santiaguena-en-el-regional-de-tenis-de-mesa\/#primaryimage","url":"","contentUrl":""},{"@type":"BreadcrumbList","@id":"https:\/\/rockandsports.com.ar\/index.php\/2024\/07\/03\/gran-actuacion-en-salta-de-la-delegacion-santiaguena-en-el-regional-de-tenis-de-mesa\/#breadcrumb","itemListElement":[{"@type":"ListItem","position":1,"name":"Portada","item":"https:\/\/rockandsports.com.ar\/"},{"@type":"ListItem","position":2,"name":"Gran actuaci\u00f3n en Salta de la delegaci\u00f3n Santiague\u00f1a en el Regional de Tenis de Mesa"}]},{"@type":"WebSite","@id":"https:\/\/rockandsports.com.ar\/#website","url":"https:\/\/rockandsports.com.ar\/","name":"Radio Rock and Sports","description":"","potentialAction":[{"@type":"SearchAction","target":{"@type":"EntryPoint","urlTemplate":"https:\/\/rockandsports.com.ar\/?s={search_term_string}"},"query-input":{"@type":"PropertyValueSpecification","valueRequired":true,"valueName":"search_term_string"}}],"inLanguage":"en-US"},{"@type":"Person","@id":"https:\/\/rockandsports.com.ar\/#\/schema\/person\/b8fe5cae2a04cbff6a8561d60ee04157","name":"Martin Campo","image":{"@type":"ImageObject","inLanguage":"en-US","@id":"https:\/\/rockandsports.com.ar\/#\/schema\/person\/image\/","url":"https:\/\/secure.gravatar.com\/avatar\/223cfe0932b36f81a912f199fd08a6fe?s=96&d=retro&r=g","contentUrl":"https:\/\/secure.gravatar.com\/avatar\/223cfe0932b36f81a912f199fd08a6fe?s=96&d=retro&r=g","caption":"Martin Campo"},"url":"https:\/\/rockandsports.com.ar\/index.php\/author\/mcampo\/"}]}},"_links":{"self":[{"href":"https:\/\/rockandsports.com.ar\/index.php\/wp-json\/wp\/v2\/posts\/5269","targetHints":{"allow":["GET"]}}],"collection":[{"href":"https:\/\/rockandsports.com.ar\/index.php\/wp-json\/wp\/v2\/posts"}],"about":[{"href":"https:\/\/rockandsports.com.ar\/index.php\/wp-json\/wp\/v2\/types\/post"}],"author":[{"embeddable":true,"href":"https:\/\/rockandsports.com.ar\/index.php\/wp-json\/wp\/v2\/users\/4"}],"replies":[{"embeddable":true,"href":"https:\/\/rockandsports.com.ar\/index.php\/wp-json\/wp\/v2\/comments?post=5269"}],"version-history":[{"count":1,"href":"https:\/\/rockandsports.com.ar\/index.php\/wp-json\/wp\/v2\/posts\/5269\/revisions"}],"predecessor-version":[{"id":5270,"href":"https:\/\/rockandsports.com.ar\/index.php\/wp-json\/wp\/v2\/posts\/5269\/revisions\/5270"}],"wp:attachment":[{"href":"https:\/\/rockandsports.com.ar\/index.php\/wp-json\/wp\/v2\/media?parent=5269"}],"wp:term":[{"taxonomy":"category","embeddable":true,"href":"https:\/\/rockandsports.com.ar\/index.php\/wp-json\/wp\/v2\/categories?post=5269"},{"taxonomy":"post_tag","embeddable":true,"href":"https:\/\/rockandsports.com.ar\/index.php\/wp-json\/wp\/v2\/tags?post=5269"}],"curies":[{"name":"wp","href":"https:\/\/api.w.org\/{rel}","templated":true}]}}