{"id":5057,"date":"2023-11-10T14:00:32","date_gmt":"2023-11-10T14:00:32","guid":{"rendered":"https:\/\/rockandsports.com.ar\/?p=5057"},"modified":"2023-11-10T14:00:32","modified_gmt":"2023-11-10T14:00:32","slug":"con-el-santiagueno-daniel-sierra-argentina-va-por-el-titulo-en-el-mundial-de-talla-baja","status":"publish","type":"post","link":"https:\/\/rockandsports.com.ar\/index.php\/2023\/11\/10\/con-el-santiagueno-daniel-sierra-argentina-va-por-el-titulo-en-el-mundial-de-talla-baja\/","title":{"rendered":"Con el Santiague\u00f1o Daniel Sierra, Argentina va por el t\u00edtulo en el mundial de Talla Baja"},"content":{"rendered":"\n<p>El seleccionado argentino de F\u00fatbol de Talla Baja super\u00f3 a Per\u00fa por 4-2 en una de las semifinales y jugar\u00e1 la final del Mundial con Paraguay en el Estadio Cubierto de Argentinos Juniors con entrada libre y gratuita. El equipo nacional llega al choque decisivo de manera invicta con cinco victorias en id\u00e9ntica cantidad de presentaciones.<\/p>\n\n\n\n<p>Argentina comenz\u00f3 su camino con un 4-0 sobre M\u00e9xico y luego venci\u00f3 a Ecuador por 5-0 y a Chile por 4-0 para quedar como l\u00edder del Grupo A. En cuartos de final, el conjunto albiceleste derrot\u00f3 a Brasil por 2-0.<\/p>\n\n\n\n<p>El plantel de Argentina est\u00e1 conformado por Cristian Soto, Catriel Brassesco, Facundo Rojas, Mart\u00edn Antunez, Daniel Sierra, Agust\u00edn Ledezma, Franco Chazarreta, Marcos Mulhall, Daniel Cervantes, Gonzalo Broggi, Marcelo Ayala, \u00c1ngel Ielpo, Iv\u00e1n \u00c1lvarez, Pedro Gugliotta, Alejandro Ju\u00e1rez, Lucas Deamigo y Nathanael Castro.<\/p>\n","protected":false},"excerpt":{"rendered":"<p>El seleccionado argentino de F\u00fatbol de Talla Baja super\u00f3 a Per\u00fa por 4-2 en una de las semifinales y jugar\u00e1<\/p>\n","protected":false},"author":4,"featured_media":0,"comment_status":"open","ping_status":"open","sticky":false,"template":"","format":"standard","meta":{"footnotes":""},"categories":[8,6],"tags":[21,29],"class_list":["post-5057","post","type-post","status-publish","format-standard","hentry","category-futbol","category-noticias","tag-futbol","tag-seleccion-argentina"],"yoast_head":"<!-- This site is optimized with the Yoast SEO plugin v23.8 - https:\/\/yoast.com\/wordpress\/plugins\/seo\/ -->\n<title>Con el Santiague\u00f1o Daniel Sierra, Argentina va por el t\u00edtulo en el mundial de Talla Baja - Radio Rock and Sports<\/title>\n<meta name=\"robots\" content=\"index, follow, max-snippet:-1, max-image-preview:large, max-video-preview:-1\" \/>\n<link rel=\"canonical\" href=\"https:\/\/rockandsports.com.ar\/index.php\/2023\/11\/10\/con-el-santiagueno-daniel-sierra-argentina-va-por-el-titulo-en-el-mundial-de-talla-baja\/\" \/>\n<meta property=\"og:locale\" content=\"en_US\" \/>\n<meta property=\"og:type\" content=\"article\" \/>\n<meta property=\"og:title\" content=\"Con el Santiague\u00f1o Daniel Sierra, Argentina va por el t\u00edtulo en el mundial de Talla Baja - Radio Rock and Sports\" \/>\n<meta property=\"og:description\" content=\"El seleccionado argentino de F\u00fatbol de Talla Baja super\u00f3 a Per\u00fa por 4-2 en una de las semifinales y jugar\u00e1\" \/>\n<meta property=\"og:url\" content=\"https:\/\/rockandsports.com.ar\/index.php\/2023\/11\/10\/con-el-santiagueno-daniel-sierra-argentina-va-por-el-titulo-en-el-mundial-de-talla-baja\/\" \/>\n<meta property=\"og:site_name\" content=\"Radio Rock and Sports\" \/>\n<meta property=\"article:published_time\" content=\"2023-11-10T14:00:32+00:00\" \/>\n<meta property=\"og:image\" content=\"https:\/\/rockandsports.com.ar\/wp-content\/uploads\/2023\/11\/img_8616-1.jpg\" \/>\n\t<meta property=\"og:image:width\" content=\"1080\" \/>\n\t<meta property=\"og:image:height\" content=\"838\" \/>\n\t<meta property=\"og:image:type\" content=\"image\/jpeg\" \/>\n<meta name=\"author\" content=\"Martin Campo\" \/>\n<meta name=\"twitter:card\" content=\"summary_large_image\" \/>\n<meta name=\"twitter:label1\" content=\"Written by\" \/>\n\t<meta name=\"twitter:data1\" content=\"Martin Campo\" \/>\n\t<meta name=\"twitter:label2\" content=\"Est. reading time\" \/>\n\t<meta name=\"twitter:data2\" content=\"1 minute\" \/>\n<script type=\"application\/ld+json\" class=\"yoast-schema-graph\">{\"@context\":\"https:\/\/schema.org\",\"@graph\":[{\"@type\":\"WebPage\",\"@id\":\"https:\/\/rockandsports.com.ar\/index.php\/2023\/11\/10\/con-el-santiagueno-daniel-sierra-argentina-va-por-el-titulo-en-el-mundial-de-talla-baja\/\",\"url\":\"https:\/\/rockandsports.com.ar\/index.php\/2023\/11\/10\/con-el-santiagueno-daniel-sierra-argentina-va-por-el-titulo-en-el-mundial-de-talla-baja\/\",\"name\":\"Con el Santiague\u00f1o Daniel Sierra, Argentina va por el t\u00edtulo en el mundial de Talla Baja - Radio Rock and Sports\",\"isPartOf\":{\"@id\":\"https:\/\/rockandsports.com.ar\/#website\"},\"datePublished\":\"2023-11-10T14:00:32+00:00\",\"dateModified\":\"2023-11-10T14:00:32+00:00\",\"author\":{\"@id\":\"https:\/\/rockandsports.com.ar\/#\/schema\/person\/b8fe5cae2a04cbff6a8561d60ee04157\"},\"breadcrumb\":{\"@id\":\"https:\/\/rockandsports.com.ar\/index.php\/2023\/11\/10\/con-el-santiagueno-daniel-sierra-argentina-va-por-el-titulo-en-el-mundial-de-talla-baja\/#breadcrumb\"},\"inLanguage\":\"en-US\",\"potentialAction\":[{\"@type\":\"ReadAction\",\"target\":[\"https:\/\/rockandsports.com.ar\/index.php\/2023\/11\/10\/con-el-santiagueno-daniel-sierra-argentina-va-por-el-titulo-en-el-mundial-de-talla-baja\/\"]}]},{\"@type\":\"BreadcrumbList\",\"@id\":\"https:\/\/rockandsports.com.ar\/index.php\/2023\/11\/10\/con-el-santiagueno-daniel-sierra-argentina-va-por-el-titulo-en-el-mundial-de-talla-baja\/#breadcrumb\",\"itemListElement\":[{\"@type\":\"ListItem\",\"position\":1,\"name\":\"Portada\",\"item\":\"https:\/\/rockandsports.com.ar\/\"},{\"@type\":\"ListItem\",\"position\":2,\"name\":\"Con el Santiague\u00f1o Daniel Sierra, Argentina va por el t\u00edtulo en el mundial de Talla Baja\"}]},{\"@type\":\"WebSite\",\"@id\":\"https:\/\/rockandsports.com.ar\/#website\",\"url\":\"https:\/\/rockandsports.com.ar\/\",\"name\":\"Radio Rock and Sports\",\"description\":\"\",\"potentialAction\":[{\"@type\":\"SearchAction\",\"target\":{\"@type\":\"EntryPoint\",\"urlTemplate\":\"https:\/\/rockandsports.com.ar\/?s={search_term_string}\"},\"query-input\":{\"@type\":\"PropertyValueSpecification\",\"valueRequired\":true,\"valueName\":\"search_term_string\"}}],\"inLanguage\":\"en-US\"},{\"@type\":\"Person\",\"@id\":\"https:\/\/rockandsports.com.ar\/#\/schema\/person\/b8fe5cae2a04cbff6a8561d60ee04157\",\"name\":\"Martin Campo\",\"image\":{\"@type\":\"ImageObject\",\"inLanguage\":\"en-US\",\"@id\":\"https:\/\/rockandsports.com.ar\/#\/schema\/person\/image\/\",\"url\":\"https:\/\/secure.gravatar.com\/avatar\/223cfe0932b36f81a912f199fd08a6fe?s=96&d=retro&r=g\",\"contentUrl\":\"https:\/\/secure.gravatar.com\/avatar\/223cfe0932b36f81a912f199fd08a6fe?s=96&d=retro&r=g\",\"caption\":\"Martin Campo\"},\"url\":\"https:\/\/rockandsports.com.ar\/index.php\/author\/mcampo\/\"}]}<\/script>\n<!-- \/ Yoast SEO plugin. -->","yoast_head_json":{"title":"Con el Santiague\u00f1o Daniel Sierra, Argentina va por el t\u00edtulo en el mundial de Talla Baja - Radio Rock and Sports","robots":{"index":"index","follow":"follow","max-snippet":"max-snippet:-1","max-image-preview":"max-image-preview:large","max-video-preview":"max-video-preview:-1"},"canonical":"https:\/\/rockandsports.com.ar\/index.php\/2023\/11\/10\/con-el-santiagueno-daniel-sierra-argentina-va-por-el-titulo-en-el-mundial-de-talla-baja\/","og_locale":"en_US","og_type":"article","og_title":"Con el Santiague\u00f1o Daniel Sierra, Argentina va por el t\u00edtulo en el mundial de Talla Baja - Radio Rock and Sports","og_description":"El seleccionado argentino de F\u00fatbol de Talla Baja super\u00f3 a Per\u00fa por 4-2 en una de las semifinales y jugar\u00e1","og_url":"https:\/\/rockandsports.com.ar\/index.php\/2023\/11\/10\/con-el-santiagueno-daniel-sierra-argentina-va-por-el-titulo-en-el-mundial-de-talla-baja\/","og_site_name":"Radio Rock and Sports","article_published_time":"2023-11-10T14:00:32+00:00","og_image":[{"width":1080,"height":838,"url":"https:\/\/rockandsports.com.ar\/wp-content\/uploads\/2023\/11\/img_8616-1.jpg","type":"image\/jpeg"}],"author":"Martin Campo","twitter_card":"summary_large_image","twitter_misc":{"Written by":"Martin Campo","Est. reading time":"1 minute"},"schema":{"@context":"https:\/\/schema.org","@graph":[{"@type":"WebPage","@id":"https:\/\/rockandsports.com.ar\/index.php\/2023\/11\/10\/con-el-santiagueno-daniel-sierra-argentina-va-por-el-titulo-en-el-mundial-de-talla-baja\/","url":"https:\/\/rockandsports.com.ar\/index.php\/2023\/11\/10\/con-el-santiagueno-daniel-sierra-argentina-va-por-el-titulo-en-el-mundial-de-talla-baja\/","name":"Con el Santiague\u00f1o Daniel Sierra, Argentina va por el t\u00edtulo en el mundial de Talla Baja - Radio Rock and Sports","isPartOf":{"@id":"https:\/\/rockandsports.com.ar\/#website"},"datePublished":"2023-11-10T14:00:32+00:00","dateModified":"2023-11-10T14:00:32+00:00","author":{"@id":"https:\/\/rockandsports.com.ar\/#\/schema\/person\/b8fe5cae2a04cbff6a8561d60ee04157"},"breadcrumb":{"@id":"https:\/\/rockandsports.com.ar\/index.php\/2023\/11\/10\/con-el-santiagueno-daniel-sierra-argentina-va-por-el-titulo-en-el-mundial-de-talla-baja\/#breadcrumb"},"inLanguage":"en-US","potentialAction":[{"@type":"ReadAction","target":["https:\/\/rockandsports.com.ar\/index.php\/2023\/11\/10\/con-el-santiagueno-daniel-sierra-argentina-va-por-el-titulo-en-el-mundial-de-talla-baja\/"]}]},{"@type":"BreadcrumbList","@id":"https:\/\/rockandsports.com.ar\/index.php\/2023\/11\/10\/con-el-santiagueno-daniel-sierra-argentina-va-por-el-titulo-en-el-mundial-de-talla-baja\/#breadcrumb","itemListElement":[{"@type":"ListItem","position":1,"name":"Portada","item":"https:\/\/rockandsports.com.ar\/"},{"@type":"ListItem","position":2,"name":"Con el Santiague\u00f1o Daniel Sierra, Argentina va por el t\u00edtulo en el mundial de Talla Baja"}]},{"@type":"WebSite","@id":"https:\/\/rockandsports.com.ar\/#website","url":"https:\/\/rockandsports.com.ar\/","name":"Radio Rock and Sports","description":"","potentialAction":[{"@type":"SearchAction","target":{"@type":"EntryPoint","urlTemplate":"https:\/\/rockandsports.com.ar\/?s={search_term_string}"},"query-input":{"@type":"PropertyValueSpecification","valueRequired":true,"valueName":"search_term_string"}}],"inLanguage":"en-US"},{"@type":"Person","@id":"https:\/\/rockandsports.com.ar\/#\/schema\/person\/b8fe5cae2a04cbff6a8561d60ee04157","name":"Martin Campo","image":{"@type":"ImageObject","inLanguage":"en-US","@id":"https:\/\/rockandsports.com.ar\/#\/schema\/person\/image\/","url":"https:\/\/secure.gravatar.com\/avatar\/223cfe0932b36f81a912f199fd08a6fe?s=96&d=retro&r=g","contentUrl":"https:\/\/secure.gravatar.com\/avatar\/223cfe0932b36f81a912f199fd08a6fe?s=96&d=retro&r=g","caption":"Martin Campo"},"url":"https:\/\/rockandsports.com.ar\/index.php\/author\/mcampo\/"}]}},"_links":{"self":[{"href":"https:\/\/rockandsports.com.ar\/index.php\/wp-json\/wp\/v2\/posts\/5057","targetHints":{"allow":["GET"]}}],"collection":[{"href":"https:\/\/rockandsports.com.ar\/index.php\/wp-json\/wp\/v2\/posts"}],"about":[{"href":"https:\/\/rockandsports.com.ar\/index.php\/wp-json\/wp\/v2\/types\/post"}],"author":[{"embeddable":true,"href":"https:\/\/rockandsports.com.ar\/index.php\/wp-json\/wp\/v2\/users\/4"}],"replies":[{"embeddable":true,"href":"https:\/\/rockandsports.com.ar\/index.php\/wp-json\/wp\/v2\/comments?post=5057"}],"version-history":[{"count":1,"href":"https:\/\/rockandsports.com.ar\/index.php\/wp-json\/wp\/v2\/posts\/5057\/revisions"}],"predecessor-version":[{"id":5058,"href":"https:\/\/rockandsports.com.ar\/index.php\/wp-json\/wp\/v2\/posts\/5057\/revisions\/5058"}],"wp:attachment":[{"href":"https:\/\/rockandsports.com.ar\/index.php\/wp-json\/wp\/v2\/media?parent=5057"}],"wp:term":[{"taxonomy":"category","embeddable":true,"href":"https:\/\/rockandsports.com.ar\/index.php\/wp-json\/wp\/v2\/categories?post=5057"},{"taxonomy":"post_tag","embeddable":true,"href":"https:\/\/rockandsports.com.ar\/index.php\/wp-json\/wp\/v2\/tags?post=5057"}],"curies":[{"name":"wp","href":"https:\/\/api.w.org\/{rel}","templated":true}]}}