{"id":4292,"date":"2023-09-13T13:55:20","date_gmt":"2023-09-13T13:55:20","guid":{"rendered":"https:\/\/rockandsports.com.ar\/?p=4292"},"modified":"2023-09-13T13:55:20","modified_gmt":"2023-09-13T13:55:20","slug":"almiron-recupera-a-medina-y-a-barco-para-los-proximos-compromisos","status":"publish","type":"post","link":"https:\/\/rockandsports.com.ar\/index.php\/2023\/09\/13\/almiron-recupera-a-medina-y-a-barco-para-los-proximos-compromisos\/","title":{"rendered":"Almir\u00f3n recupera a Medina y a Barco para los pr\u00f3ximos compromisos"},"content":{"rendered":"\n<p>Boca Juniors se entrena en el predio de Ezeiza pensando en Defensa y Justicia partido que se jugar\u00e1 el pr\u00f3ximo viernes 18:45 hs en Florencio Varela.<\/p>\n\n\n\n<p>Con la vuelta de Cristian Medina y Valent\u00edn Barco, el equipo tendr\u00e1 m\u00e1s generaci\u00f3n de juego (algo que le falt\u00f3 mucho en los \u00faltimos partidos). Almir\u00f3n podr\u00e1 contar con casi el plantel completo.<\/p>\n\n\n\n<p>S\u00f3lo queda la recuperaci\u00f3n de Luca Langoni que est\u00e1 descartado para las semifinales con Palmeiras y el Supercl\u00e1sico el 1 de octubre.<\/p>\n","protected":false},"excerpt":{"rendered":"<p>Boca Juniors se entrena en el predio de Ezeiza pensando en Defensa y Justicia partido que se jugar\u00e1 el pr\u00f3ximo<\/p>\n","protected":false},"author":4,"featured_media":0,"comment_status":"open","ping_status":"open","sticky":false,"template":"","format":"standard","meta":{"footnotes":""},"categories":[8,6],"tags":[22,21],"class_list":["post-4292","post","type-post","status-publish","format-standard","hentry","category-futbol","category-noticias","tag-boca-juniors","tag-futbol"],"yoast_head":"<!-- This site is optimized with the Yoast SEO plugin v23.8 - https:\/\/yoast.com\/wordpress\/plugins\/seo\/ -->\n<title>Almir\u00f3n recupera a Medina y a Barco para los pr\u00f3ximos compromisos - Radio Rock and Sports<\/title>\n<meta name=\"robots\" content=\"index, follow, max-snippet:-1, max-image-preview:large, max-video-preview:-1\" \/>\n<link rel=\"canonical\" href=\"https:\/\/rockandsports.com.ar\/index.php\/2023\/09\/13\/almiron-recupera-a-medina-y-a-barco-para-los-proximos-compromisos\/\" \/>\n<meta property=\"og:locale\" content=\"en_US\" \/>\n<meta property=\"og:type\" content=\"article\" \/>\n<meta property=\"og:title\" content=\"Almir\u00f3n recupera a Medina y a Barco para los pr\u00f3ximos compromisos - Radio Rock and Sports\" \/>\n<meta property=\"og:description\" content=\"Boca Juniors se entrena en el predio de Ezeiza pensando en Defensa y Justicia partido que se jugar\u00e1 el pr\u00f3ximo\" \/>\n<meta property=\"og:url\" content=\"https:\/\/rockandsports.com.ar\/index.php\/2023\/09\/13\/almiron-recupera-a-medina-y-a-barco-para-los-proximos-compromisos\/\" \/>\n<meta property=\"og:site_name\" content=\"Radio Rock and Sports\" \/>\n<meta property=\"article:published_time\" content=\"2023-09-13T13:55:20+00:00\" \/>\n<meta property=\"og:image\" content=\"https:\/\/rockandsports.com.ar\/wp-content\/uploads\/2023\/09\/img_7998.jpg\" \/>\n\t<meta property=\"og:image:width\" content=\"1600\" \/>\n\t<meta property=\"og:image:height\" content=\"900\" \/>\n\t<meta property=\"og:image:type\" content=\"image\/jpeg\" \/>\n<meta name=\"author\" content=\"Martin Campo\" \/>\n<meta name=\"twitter:card\" content=\"summary_large_image\" \/>\n<meta name=\"twitter:label1\" content=\"Written by\" \/>\n\t<meta name=\"twitter:data1\" content=\"Martin Campo\" \/>\n<script type=\"application\/ld+json\" class=\"yoast-schema-graph\">{\"@context\":\"https:\/\/schema.org\",\"@graph\":[{\"@type\":\"WebPage\",\"@id\":\"https:\/\/rockandsports.com.ar\/index.php\/2023\/09\/13\/almiron-recupera-a-medina-y-a-barco-para-los-proximos-compromisos\/\",\"url\":\"https:\/\/rockandsports.com.ar\/index.php\/2023\/09\/13\/almiron-recupera-a-medina-y-a-barco-para-los-proximos-compromisos\/\",\"name\":\"Almir\u00f3n recupera a Medina y a Barco para los pr\u00f3ximos compromisos - Radio Rock and Sports\",\"isPartOf\":{\"@id\":\"https:\/\/rockandsports.com.ar\/#website\"},\"datePublished\":\"2023-09-13T13:55:20+00:00\",\"dateModified\":\"2023-09-13T13:55:20+00:00\",\"author\":{\"@id\":\"https:\/\/rockandsports.com.ar\/#\/schema\/person\/b8fe5cae2a04cbff6a8561d60ee04157\"},\"breadcrumb\":{\"@id\":\"https:\/\/rockandsports.com.ar\/index.php\/2023\/09\/13\/almiron-recupera-a-medina-y-a-barco-para-los-proximos-compromisos\/#breadcrumb\"},\"inLanguage\":\"en-US\",\"potentialAction\":[{\"@type\":\"ReadAction\",\"target\":[\"https:\/\/rockandsports.com.ar\/index.php\/2023\/09\/13\/almiron-recupera-a-medina-y-a-barco-para-los-proximos-compromisos\/\"]}]},{\"@type\":\"BreadcrumbList\",\"@id\":\"https:\/\/rockandsports.com.ar\/index.php\/2023\/09\/13\/almiron-recupera-a-medina-y-a-barco-para-los-proximos-compromisos\/#breadcrumb\",\"itemListElement\":[{\"@type\":\"ListItem\",\"position\":1,\"name\":\"Portada\",\"item\":\"https:\/\/rockandsports.com.ar\/\"},{\"@type\":\"ListItem\",\"position\":2,\"name\":\"Almir\u00f3n recupera a Medina y a Barco para los pr\u00f3ximos compromisos\"}]},{\"@type\":\"WebSite\",\"@id\":\"https:\/\/rockandsports.com.ar\/#website\",\"url\":\"https:\/\/rockandsports.com.ar\/\",\"name\":\"Radio Rock and Sports\",\"description\":\"\",\"potentialAction\":[{\"@type\":\"SearchAction\",\"target\":{\"@type\":\"EntryPoint\",\"urlTemplate\":\"https:\/\/rockandsports.com.ar\/?s={search_term_string}\"},\"query-input\":{\"@type\":\"PropertyValueSpecification\",\"valueRequired\":true,\"valueName\":\"search_term_string\"}}],\"inLanguage\":\"en-US\"},{\"@type\":\"Person\",\"@id\":\"https:\/\/rockandsports.com.ar\/#\/schema\/person\/b8fe5cae2a04cbff6a8561d60ee04157\",\"name\":\"Martin Campo\",\"image\":{\"@type\":\"ImageObject\",\"inLanguage\":\"en-US\",\"@id\":\"https:\/\/rockandsports.com.ar\/#\/schema\/person\/image\/\",\"url\":\"https:\/\/secure.gravatar.com\/avatar\/223cfe0932b36f81a912f199fd08a6fe?s=96&d=retro&r=g\",\"contentUrl\":\"https:\/\/secure.gravatar.com\/avatar\/223cfe0932b36f81a912f199fd08a6fe?s=96&d=retro&r=g\",\"caption\":\"Martin Campo\"},\"url\":\"https:\/\/rockandsports.com.ar\/index.php\/author\/mcampo\/\"}]}<\/script>\n<!-- \/ Yoast SEO plugin. -->","yoast_head_json":{"title":"Almir\u00f3n recupera a Medina y a Barco para los pr\u00f3ximos compromisos - Radio Rock and Sports","robots":{"index":"index","follow":"follow","max-snippet":"max-snippet:-1","max-image-preview":"max-image-preview:large","max-video-preview":"max-video-preview:-1"},"canonical":"https:\/\/rockandsports.com.ar\/index.php\/2023\/09\/13\/almiron-recupera-a-medina-y-a-barco-para-los-proximos-compromisos\/","og_locale":"en_US","og_type":"article","og_title":"Almir\u00f3n recupera a Medina y a Barco para los pr\u00f3ximos compromisos - Radio Rock and Sports","og_description":"Boca Juniors se entrena en el predio de Ezeiza pensando en Defensa y Justicia partido que se jugar\u00e1 el pr\u00f3ximo","og_url":"https:\/\/rockandsports.com.ar\/index.php\/2023\/09\/13\/almiron-recupera-a-medina-y-a-barco-para-los-proximos-compromisos\/","og_site_name":"Radio Rock and Sports","article_published_time":"2023-09-13T13:55:20+00:00","og_image":[{"width":1600,"height":900,"url":"https:\/\/rockandsports.com.ar\/wp-content\/uploads\/2023\/09\/img_7998.jpg","type":"image\/jpeg"}],"author":"Martin Campo","twitter_card":"summary_large_image","twitter_misc":{"Written by":"Martin Campo"},"schema":{"@context":"https:\/\/schema.org","@graph":[{"@type":"WebPage","@id":"https:\/\/rockandsports.com.ar\/index.php\/2023\/09\/13\/almiron-recupera-a-medina-y-a-barco-para-los-proximos-compromisos\/","url":"https:\/\/rockandsports.com.ar\/index.php\/2023\/09\/13\/almiron-recupera-a-medina-y-a-barco-para-los-proximos-compromisos\/","name":"Almir\u00f3n recupera a Medina y a Barco para los pr\u00f3ximos compromisos - Radio Rock and Sports","isPartOf":{"@id":"https:\/\/rockandsports.com.ar\/#website"},"datePublished":"2023-09-13T13:55:20+00:00","dateModified":"2023-09-13T13:55:20+00:00","author":{"@id":"https:\/\/rockandsports.com.ar\/#\/schema\/person\/b8fe5cae2a04cbff6a8561d60ee04157"},"breadcrumb":{"@id":"https:\/\/rockandsports.com.ar\/index.php\/2023\/09\/13\/almiron-recupera-a-medina-y-a-barco-para-los-proximos-compromisos\/#breadcrumb"},"inLanguage":"en-US","potentialAction":[{"@type":"ReadAction","target":["https:\/\/rockandsports.com.ar\/index.php\/2023\/09\/13\/almiron-recupera-a-medina-y-a-barco-para-los-proximos-compromisos\/"]}]},{"@type":"BreadcrumbList","@id":"https:\/\/rockandsports.com.ar\/index.php\/2023\/09\/13\/almiron-recupera-a-medina-y-a-barco-para-los-proximos-compromisos\/#breadcrumb","itemListElement":[{"@type":"ListItem","position":1,"name":"Portada","item":"https:\/\/rockandsports.com.ar\/"},{"@type":"ListItem","position":2,"name":"Almir\u00f3n recupera a Medina y a Barco para los pr\u00f3ximos compromisos"}]},{"@type":"WebSite","@id":"https:\/\/rockandsports.com.ar\/#website","url":"https:\/\/rockandsports.com.ar\/","name":"Radio Rock and Sports","description":"","potentialAction":[{"@type":"SearchAction","target":{"@type":"EntryPoint","urlTemplate":"https:\/\/rockandsports.com.ar\/?s={search_term_string}"},"query-input":{"@type":"PropertyValueSpecification","valueRequired":true,"valueName":"search_term_string"}}],"inLanguage":"en-US"},{"@type":"Person","@id":"https:\/\/rockandsports.com.ar\/#\/schema\/person\/b8fe5cae2a04cbff6a8561d60ee04157","name":"Martin Campo","image":{"@type":"ImageObject","inLanguage":"en-US","@id":"https:\/\/rockandsports.com.ar\/#\/schema\/person\/image\/","url":"https:\/\/secure.gravatar.com\/avatar\/223cfe0932b36f81a912f199fd08a6fe?s=96&d=retro&r=g","contentUrl":"https:\/\/secure.gravatar.com\/avatar\/223cfe0932b36f81a912f199fd08a6fe?s=96&d=retro&r=g","caption":"Martin Campo"},"url":"https:\/\/rockandsports.com.ar\/index.php\/author\/mcampo\/"}]}},"_links":{"self":[{"href":"https:\/\/rockandsports.com.ar\/index.php\/wp-json\/wp\/v2\/posts\/4292","targetHints":{"allow":["GET"]}}],"collection":[{"href":"https:\/\/rockandsports.com.ar\/index.php\/wp-json\/wp\/v2\/posts"}],"about":[{"href":"https:\/\/rockandsports.com.ar\/index.php\/wp-json\/wp\/v2\/types\/post"}],"author":[{"embeddable":true,"href":"https:\/\/rockandsports.com.ar\/index.php\/wp-json\/wp\/v2\/users\/4"}],"replies":[{"embeddable":true,"href":"https:\/\/rockandsports.com.ar\/index.php\/wp-json\/wp\/v2\/comments?post=4292"}],"version-history":[{"count":1,"href":"https:\/\/rockandsports.com.ar\/index.php\/wp-json\/wp\/v2\/posts\/4292\/revisions"}],"predecessor-version":[{"id":4293,"href":"https:\/\/rockandsports.com.ar\/index.php\/wp-json\/wp\/v2\/posts\/4292\/revisions\/4293"}],"wp:attachment":[{"href":"https:\/\/rockandsports.com.ar\/index.php\/wp-json\/wp\/v2\/media?parent=4292"}],"wp:term":[{"taxonomy":"category","embeddable":true,"href":"https:\/\/rockandsports.com.ar\/index.php\/wp-json\/wp\/v2\/categories?post=4292"},{"taxonomy":"post_tag","embeddable":true,"href":"https:\/\/rockandsports.com.ar\/index.php\/wp-json\/wp\/v2\/tags?post=4292"}],"curies":[{"name":"wp","href":"https:\/\/api.w.org\/{rel}","templated":true}]}}