{"id":4283,"date":"2023-09-13T13:02:22","date_gmt":"2023-09-13T13:02:22","guid":{"rendered":"https:\/\/rockandsports.com.ar\/?p=4283"},"modified":"2023-09-13T13:02:22","modified_gmt":"2023-09-13T13:02:22","slug":"en-el-debut-de-madelon-gimnasia-recibe-a-velez","status":"publish","type":"post","link":"https:\/\/rockandsports.com.ar\/index.php\/2023\/09\/13\/en-el-debut-de-madelon-gimnasia-recibe-a-velez\/","title":{"rendered":"En el debut de Madelon, Gimnasia recibe a Velez"},"content":{"rendered":"\n<p>Gimnasia y Esgrima La Plata, con el debut de Leonardo Madel\u00f3n como DT, recibir\u00e1 hoy a V\u00e9lez Sarsfield, en un encuentro v\u00e1lido por la cuarta fecha de la Zona A de la Copa de la Liga.<\/p>\n\n\n\n<p>El partido se jugar\u00e1 desde las 18 en el estadio Juan Carmelo Zerrillo, en la ciudad de La Plata, con el arbitraje de Hern\u00e1n Mastr\u00e1ngelo y televisaci\u00f3n de ESPN Premium.<\/p>\n\n\n\n<figure class=\"wp-block-image\"><img decoding=\"async\" src=\"https:\/\/rockandsports.com.ar\/wp-content\/uploads\/2023\/09\/a3501607-8393-494f-a6c2-35961cfaf572-4953-000003ac3f0e6e30_file-819x1024.jpg\" alt=\"\" class=\"wp-image-4280\" \/><\/figure>\n\n\n\n<figure class=\"wp-block-image\"><img decoding=\"async\" src=\"https:\/\/rockandsports.com.ar\/wp-content\/uploads\/2023\/09\/7367531e-7935-452a-a4ef-80bb22bf385d-4953-000003ac64155240_file-576x1024.jpg\" alt=\"\" class=\"wp-image-4281\" \/><\/figure>\n","protected":false},"excerpt":{"rendered":"<p>Gimnasia y Esgrima La Plata, con el debut de Leonardo Madel\u00f3n como DT, recibir\u00e1 hoy a V\u00e9lez Sarsfield, en un<\/p>\n","protected":false},"author":4,"featured_media":0,"comment_status":"open","ping_status":"open","sticky":false,"template":"","format":"standard","meta":{"footnotes":""},"categories":[8,6],"tags":[266,21],"class_list":["post-4283","post","type-post","status-publish","format-standard","hentry","category-futbol","category-noticias","tag-copa-de-la-liga","tag-futbol"],"yoast_head":"<!-- This site is optimized with the Yoast SEO plugin v23.8 - https:\/\/yoast.com\/wordpress\/plugins\/seo\/ -->\n<title>En el debut de Madelon, Gimnasia recibe a Velez - Radio Rock and Sports<\/title>\n<meta name=\"robots\" content=\"index, follow, max-snippet:-1, max-image-preview:large, max-video-preview:-1\" \/>\n<link rel=\"canonical\" href=\"https:\/\/rockandsports.com.ar\/index.php\/2023\/09\/13\/en-el-debut-de-madelon-gimnasia-recibe-a-velez\/\" \/>\n<meta property=\"og:locale\" content=\"en_US\" \/>\n<meta property=\"og:type\" content=\"article\" \/>\n<meta property=\"og:title\" content=\"En el debut de Madelon, Gimnasia recibe a Velez - Radio Rock and Sports\" \/>\n<meta property=\"og:description\" content=\"Gimnasia y Esgrima La Plata, con el debut de Leonardo Madel\u00f3n como DT, recibir\u00e1 hoy a V\u00e9lez Sarsfield, en un\" \/>\n<meta property=\"og:url\" content=\"https:\/\/rockandsports.com.ar\/index.php\/2023\/09\/13\/en-el-debut-de-madelon-gimnasia-recibe-a-velez\/\" \/>\n<meta property=\"og:site_name\" content=\"Radio Rock and Sports\" \/>\n<meta property=\"article:published_time\" content=\"2023-09-13T13:02:22+00:00\" \/>\n<meta property=\"og:image\" content=\"https:\/\/rockandsports.com.ar\/wp-content\/uploads\/2023\/09\/img_7996.jpg\" \/>\n\t<meta property=\"og:image:width\" content=\"610\" \/>\n\t<meta property=\"og:image:height\" content=\"457\" \/>\n\t<meta property=\"og:image:type\" content=\"image\/jpeg\" \/>\n<meta name=\"author\" content=\"Martin Campo\" \/>\n<meta name=\"twitter:card\" content=\"summary_large_image\" \/>\n<meta name=\"twitter:label1\" content=\"Written by\" \/>\n\t<meta name=\"twitter:data1\" content=\"Martin Campo\" \/>\n<script type=\"application\/ld+json\" class=\"yoast-schema-graph\">{\"@context\":\"https:\/\/schema.org\",\"@graph\":[{\"@type\":\"WebPage\",\"@id\":\"https:\/\/rockandsports.com.ar\/index.php\/2023\/09\/13\/en-el-debut-de-madelon-gimnasia-recibe-a-velez\/\",\"url\":\"https:\/\/rockandsports.com.ar\/index.php\/2023\/09\/13\/en-el-debut-de-madelon-gimnasia-recibe-a-velez\/\",\"name\":\"En el debut de Madelon, Gimnasia recibe a Velez - Radio Rock and Sports\",\"isPartOf\":{\"@id\":\"https:\/\/rockandsports.com.ar\/#website\"},\"primaryImageOfPage\":{\"@id\":\"https:\/\/rockandsports.com.ar\/index.php\/2023\/09\/13\/en-el-debut-de-madelon-gimnasia-recibe-a-velez\/#primaryimage\"},\"image\":{\"@id\":\"https:\/\/rockandsports.com.ar\/index.php\/2023\/09\/13\/en-el-debut-de-madelon-gimnasia-recibe-a-velez\/#primaryimage\"},\"thumbnailUrl\":\"https:\/\/rockandsports.com.ar\/wp-content\/uploads\/2023\/09\/a3501607-8393-494f-a6c2-35961cfaf572-4953-000003ac3f0e6e30_file-819x1024.jpg\",\"datePublished\":\"2023-09-13T13:02:22+00:00\",\"dateModified\":\"2023-09-13T13:02:22+00:00\",\"author\":{\"@id\":\"https:\/\/rockandsports.com.ar\/#\/schema\/person\/b8fe5cae2a04cbff6a8561d60ee04157\"},\"breadcrumb\":{\"@id\":\"https:\/\/rockandsports.com.ar\/index.php\/2023\/09\/13\/en-el-debut-de-madelon-gimnasia-recibe-a-velez\/#breadcrumb\"},\"inLanguage\":\"en-US\",\"potentialAction\":[{\"@type\":\"ReadAction\",\"target\":[\"https:\/\/rockandsports.com.ar\/index.php\/2023\/09\/13\/en-el-debut-de-madelon-gimnasia-recibe-a-velez\/\"]}]},{\"@type\":\"ImageObject\",\"inLanguage\":\"en-US\",\"@id\":\"https:\/\/rockandsports.com.ar\/index.php\/2023\/09\/13\/en-el-debut-de-madelon-gimnasia-recibe-a-velez\/#primaryimage\",\"url\":\"https:\/\/rockandsports.com.ar\/wp-content\/uploads\/2023\/09\/a3501607-8393-494f-a6c2-35961cfaf572-4953-000003ac3f0e6e30_file-819x1024.jpg\",\"contentUrl\":\"https:\/\/rockandsports.com.ar\/wp-content\/uploads\/2023\/09\/a3501607-8393-494f-a6c2-35961cfaf572-4953-000003ac3f0e6e30_file-819x1024.jpg\"},{\"@type\":\"BreadcrumbList\",\"@id\":\"https:\/\/rockandsports.com.ar\/index.php\/2023\/09\/13\/en-el-debut-de-madelon-gimnasia-recibe-a-velez\/#breadcrumb\",\"itemListElement\":[{\"@type\":\"ListItem\",\"position\":1,\"name\":\"Portada\",\"item\":\"https:\/\/rockandsports.com.ar\/\"},{\"@type\":\"ListItem\",\"position\":2,\"name\":\"En el debut de Madelon, Gimnasia recibe a Velez\"}]},{\"@type\":\"WebSite\",\"@id\":\"https:\/\/rockandsports.com.ar\/#website\",\"url\":\"https:\/\/rockandsports.com.ar\/\",\"name\":\"Radio Rock and Sports\",\"description\":\"\",\"potentialAction\":[{\"@type\":\"SearchAction\",\"target\":{\"@type\":\"EntryPoint\",\"urlTemplate\":\"https:\/\/rockandsports.com.ar\/?s={search_term_string}\"},\"query-input\":{\"@type\":\"PropertyValueSpecification\",\"valueRequired\":true,\"valueName\":\"search_term_string\"}}],\"inLanguage\":\"en-US\"},{\"@type\":\"Person\",\"@id\":\"https:\/\/rockandsports.com.ar\/#\/schema\/person\/b8fe5cae2a04cbff6a8561d60ee04157\",\"name\":\"Martin Campo\",\"image\":{\"@type\":\"ImageObject\",\"inLanguage\":\"en-US\",\"@id\":\"https:\/\/rockandsports.com.ar\/#\/schema\/person\/image\/\",\"url\":\"https:\/\/secure.gravatar.com\/avatar\/223cfe0932b36f81a912f199fd08a6fe?s=96&d=retro&r=g\",\"contentUrl\":\"https:\/\/secure.gravatar.com\/avatar\/223cfe0932b36f81a912f199fd08a6fe?s=96&d=retro&r=g\",\"caption\":\"Martin Campo\"},\"url\":\"https:\/\/rockandsports.com.ar\/index.php\/author\/mcampo\/\"}]}<\/script>\n<!-- \/ Yoast SEO plugin. -->","yoast_head_json":{"title":"En el debut de Madelon, Gimnasia recibe a Velez - Radio Rock and Sports","robots":{"index":"index","follow":"follow","max-snippet":"max-snippet:-1","max-image-preview":"max-image-preview:large","max-video-preview":"max-video-preview:-1"},"canonical":"https:\/\/rockandsports.com.ar\/index.php\/2023\/09\/13\/en-el-debut-de-madelon-gimnasia-recibe-a-velez\/","og_locale":"en_US","og_type":"article","og_title":"En el debut de Madelon, Gimnasia recibe a Velez - Radio Rock and Sports","og_description":"Gimnasia y Esgrima La Plata, con el debut de Leonardo Madel\u00f3n como DT, recibir\u00e1 hoy a V\u00e9lez Sarsfield, en un","og_url":"https:\/\/rockandsports.com.ar\/index.php\/2023\/09\/13\/en-el-debut-de-madelon-gimnasia-recibe-a-velez\/","og_site_name":"Radio Rock and Sports","article_published_time":"2023-09-13T13:02:22+00:00","og_image":[{"width":610,"height":457,"url":"https:\/\/rockandsports.com.ar\/wp-content\/uploads\/2023\/09\/img_7996.jpg","type":"image\/jpeg"}],"author":"Martin Campo","twitter_card":"summary_large_image","twitter_misc":{"Written by":"Martin Campo"},"schema":{"@context":"https:\/\/schema.org","@graph":[{"@type":"WebPage","@id":"https:\/\/rockandsports.com.ar\/index.php\/2023\/09\/13\/en-el-debut-de-madelon-gimnasia-recibe-a-velez\/","url":"https:\/\/rockandsports.com.ar\/index.php\/2023\/09\/13\/en-el-debut-de-madelon-gimnasia-recibe-a-velez\/","name":"En el debut de Madelon, Gimnasia recibe a Velez - Radio Rock and Sports","isPartOf":{"@id":"https:\/\/rockandsports.com.ar\/#website"},"primaryImageOfPage":{"@id":"https:\/\/rockandsports.com.ar\/index.php\/2023\/09\/13\/en-el-debut-de-madelon-gimnasia-recibe-a-velez\/#primaryimage"},"image":{"@id":"https:\/\/rockandsports.com.ar\/index.php\/2023\/09\/13\/en-el-debut-de-madelon-gimnasia-recibe-a-velez\/#primaryimage"},"thumbnailUrl":"https:\/\/rockandsports.com.ar\/wp-content\/uploads\/2023\/09\/a3501607-8393-494f-a6c2-35961cfaf572-4953-000003ac3f0e6e30_file-819x1024.jpg","datePublished":"2023-09-13T13:02:22+00:00","dateModified":"2023-09-13T13:02:22+00:00","author":{"@id":"https:\/\/rockandsports.com.ar\/#\/schema\/person\/b8fe5cae2a04cbff6a8561d60ee04157"},"breadcrumb":{"@id":"https:\/\/rockandsports.com.ar\/index.php\/2023\/09\/13\/en-el-debut-de-madelon-gimnasia-recibe-a-velez\/#breadcrumb"},"inLanguage":"en-US","potentialAction":[{"@type":"ReadAction","target":["https:\/\/rockandsports.com.ar\/index.php\/2023\/09\/13\/en-el-debut-de-madelon-gimnasia-recibe-a-velez\/"]}]},{"@type":"ImageObject","inLanguage":"en-US","@id":"https:\/\/rockandsports.com.ar\/index.php\/2023\/09\/13\/en-el-debut-de-madelon-gimnasia-recibe-a-velez\/#primaryimage","url":"https:\/\/rockandsports.com.ar\/wp-content\/uploads\/2023\/09\/a3501607-8393-494f-a6c2-35961cfaf572-4953-000003ac3f0e6e30_file-819x1024.jpg","contentUrl":"https:\/\/rockandsports.com.ar\/wp-content\/uploads\/2023\/09\/a3501607-8393-494f-a6c2-35961cfaf572-4953-000003ac3f0e6e30_file-819x1024.jpg"},{"@type":"BreadcrumbList","@id":"https:\/\/rockandsports.com.ar\/index.php\/2023\/09\/13\/en-el-debut-de-madelon-gimnasia-recibe-a-velez\/#breadcrumb","itemListElement":[{"@type":"ListItem","position":1,"name":"Portada","item":"https:\/\/rockandsports.com.ar\/"},{"@type":"ListItem","position":2,"name":"En el debut de Madelon, Gimnasia recibe a Velez"}]},{"@type":"WebSite","@id":"https:\/\/rockandsports.com.ar\/#website","url":"https:\/\/rockandsports.com.ar\/","name":"Radio Rock and Sports","description":"","potentialAction":[{"@type":"SearchAction","target":{"@type":"EntryPoint","urlTemplate":"https:\/\/rockandsports.com.ar\/?s={search_term_string}"},"query-input":{"@type":"PropertyValueSpecification","valueRequired":true,"valueName":"search_term_string"}}],"inLanguage":"en-US"},{"@type":"Person","@id":"https:\/\/rockandsports.com.ar\/#\/schema\/person\/b8fe5cae2a04cbff6a8561d60ee04157","name":"Martin Campo","image":{"@type":"ImageObject","inLanguage":"en-US","@id":"https:\/\/rockandsports.com.ar\/#\/schema\/person\/image\/","url":"https:\/\/secure.gravatar.com\/avatar\/223cfe0932b36f81a912f199fd08a6fe?s=96&d=retro&r=g","contentUrl":"https:\/\/secure.gravatar.com\/avatar\/223cfe0932b36f81a912f199fd08a6fe?s=96&d=retro&r=g","caption":"Martin Campo"},"url":"https:\/\/rockandsports.com.ar\/index.php\/author\/mcampo\/"}]}},"_links":{"self":[{"href":"https:\/\/rockandsports.com.ar\/index.php\/wp-json\/wp\/v2\/posts\/4283","targetHints":{"allow":["GET"]}}],"collection":[{"href":"https:\/\/rockandsports.com.ar\/index.php\/wp-json\/wp\/v2\/posts"}],"about":[{"href":"https:\/\/rockandsports.com.ar\/index.php\/wp-json\/wp\/v2\/types\/post"}],"author":[{"embeddable":true,"href":"https:\/\/rockandsports.com.ar\/index.php\/wp-json\/wp\/v2\/users\/4"}],"replies":[{"embeddable":true,"href":"https:\/\/rockandsports.com.ar\/index.php\/wp-json\/wp\/v2\/comments?post=4283"}],"version-history":[{"count":1,"href":"https:\/\/rockandsports.com.ar\/index.php\/wp-json\/wp\/v2\/posts\/4283\/revisions"}],"predecessor-version":[{"id":4284,"href":"https:\/\/rockandsports.com.ar\/index.php\/wp-json\/wp\/v2\/posts\/4283\/revisions\/4284"}],"wp:attachment":[{"href":"https:\/\/rockandsports.com.ar\/index.php\/wp-json\/wp\/v2\/media?parent=4283"}],"wp:term":[{"taxonomy":"category","embeddable":true,"href":"https:\/\/rockandsports.com.ar\/index.php\/wp-json\/wp\/v2\/categories?post=4283"},{"taxonomy":"post_tag","embeddable":true,"href":"https:\/\/rockandsports.com.ar\/index.php\/wp-json\/wp\/v2\/tags?post=4283"}],"curies":[{"name":"wp","href":"https:\/\/api.w.org\/{rel}","templated":true}]}}