{"id":4271,"date":"2023-09-12T13:53:43","date_gmt":"2023-09-12T13:53:43","guid":{"rendered":"https:\/\/rockandsports.com.ar\/?p=4271"},"modified":"2023-09-12T13:53:43","modified_gmt":"2023-09-12T13:53:43","slug":"la-municipalidad-convoco-a-estudiantes-secundarios-a-participar-de-santiago-en-primavera-y-promo-23","status":"publish","type":"post","link":"https:\/\/rockandsports.com.ar\/index.php\/2023\/09\/12\/la-municipalidad-convoco-a-estudiantes-secundarios-a-participar-de-santiago-en-primavera-y-promo-23\/","title":{"rendered":"La Municipalidad convoc\u00f3 a estudiantes secundarios a participar de \u201cSantiago en primavera\u201d y \u201cPromo 23\u201d"},"content":{"rendered":"\n<p>En el mes de los j\u00f3venes y de las diferentes actividades programadas por la Municipalidad de la Capital para ellos, la Direcci\u00f3n de la Juventud lanz\u00f3 las propuestas \u201cSantiago en primavera\u201d y \u201cPromo 23\u201d, por la que invita a estudiantes de los diferentes colegios secundarios a crear su propio video reel mostrando los lugares tur\u00edsticos de la ciudad y al concurso por la mejor campera del \u00faltimo a\u00f1o.<\/p>\n\n\n\n<p>La iniciativa audiovisual que plantea mostrar los puntos tur\u00edsticos, busca no solo promover el orgullo por lo local, sino fomentar la creatividad, el trabajo en equipo y la participaci\u00f3n activa. Para ello, cada escuela deber\u00e1 inscribir a sus alumnos y al profesor o coordinador.<\/p>\n\n\n\n<p>Los interesados podr\u00e1n producir un video con al menos un lugar, que debe ser subido en historias o posts mencionando en instagram a: @direcciondelajuventudsde y puede contener, compilados de im\u00e1genes (fotos y\/o videos), m\u00e1s fondo musical, canciones propias o covers, coreograf\u00edas, poes\u00eda, etc..<\/p>\n\n\n\n<p>La presentaci\u00f3n podr\u00e1 realizarse hasta el 15 de septiembre, luego ser\u00e1 evaluada por un jurado y el d\u00eda 18 del mes, la Direcci\u00f3n de la Juventud dar\u00e1 a conocer el ganador, que se har\u00e1 acreedor de una fiesta estudiantil en las instalaciones de la instituci\u00f3n educativa.<\/p>\n\n\n\n<p>Mientras que, la \u201cPromo 23\u201d, est\u00e1 destinada a alumnos de los 5\u00ba a\u00f1os, donde cada curso deber\u00e1 presentar la campera elegida a trav\u00e9s de una fotograf\u00eda de la manera m\u00e1s ingeniosa y creativa posible.<\/p>\n\n\n\n<p>La propuesta, promueve la creatividad, la autenticidad y la construcci\u00f3n de valores y los cursos que deseen participar de la misma, deber\u00e1n ser inscriptos por la instituci\u00f3n educativa a la que pertenecen, con la asistencia de un profesor o coordinador.<\/p>\n\n\n\n<p>Cada curso tendr\u00e1 como tarea, producir una fotograf\u00eda, que debe ser publicada en instagram, arrobando en historias a @direcciondelajuventudsde.<\/p>\n\n\n\n<p>Al igual que el otro concurso, la fotograf\u00eda tiene que ser publicada hasta el 15 de septiembre, y el ganador ser\u00e1 comunicado a trav\u00e9s de las redes de la dependencia municipal, el d\u00eda 18. El premio ser\u00e1 una fiesta estudiantil.<\/p>\n","protected":false},"excerpt":{"rendered":"<p>En el mes de los j\u00f3venes y de las diferentes actividades programadas por la Municipalidad de la Capital para ellos,<\/p>\n","protected":false},"author":4,"featured_media":0,"comment_status":"open","ping_status":"open","sticky":false,"template":"","format":"standard","meta":{"footnotes":""},"categories":[226,6],"tags":[233],"class_list":["post-4271","post","type-post","status-publish","format-standard","hentry","category-actualidad","category-noticias","tag-locales"],"yoast_head":"<!-- This site is optimized with the Yoast SEO plugin v23.8 - https:\/\/yoast.com\/wordpress\/plugins\/seo\/ -->\n<title>La Municipalidad convoc\u00f3 a estudiantes secundarios a participar de \u201cSantiago en primavera\u201d y \u201cPromo 23\u201d - Radio Rock and Sports<\/title>\n<meta name=\"robots\" content=\"index, follow, max-snippet:-1, max-image-preview:large, max-video-preview:-1\" \/>\n<link rel=\"canonical\" href=\"https:\/\/rockandsports.com.ar\/index.php\/2023\/09\/12\/la-municipalidad-convoco-a-estudiantes-secundarios-a-participar-de-santiago-en-primavera-y-promo-23\/\" \/>\n<meta property=\"og:locale\" content=\"en_US\" \/>\n<meta property=\"og:type\" content=\"article\" \/>\n<meta property=\"og:title\" content=\"La Municipalidad convoc\u00f3 a estudiantes secundarios a participar de \u201cSantiago en primavera\u201d y \u201cPromo 23\u201d - Radio Rock and Sports\" \/>\n<meta property=\"og:description\" content=\"En el mes de los j\u00f3venes y de las diferentes actividades programadas por la Municipalidad de la Capital para ellos,\" \/>\n<meta property=\"og:url\" content=\"https:\/\/rockandsports.com.ar\/index.php\/2023\/09\/12\/la-municipalidad-convoco-a-estudiantes-secundarios-a-participar-de-santiago-en-primavera-y-promo-23\/\" \/>\n<meta property=\"og:site_name\" content=\"Radio Rock and Sports\" \/>\n<meta property=\"article:published_time\" content=\"2023-09-12T13:53:43+00:00\" \/>\n<meta property=\"og:image\" content=\"https:\/\/rockandsports.com.ar\/wp-content\/uploads\/2023\/09\/img_7990.jpg\" \/>\n\t<meta property=\"og:image:width\" content=\"1080\" \/>\n\t<meta property=\"og:image:height\" content=\"1080\" \/>\n\t<meta property=\"og:image:type\" content=\"image\/jpeg\" \/>\n<meta name=\"author\" content=\"Martin Campo\" \/>\n<meta name=\"twitter:card\" content=\"summary_large_image\" \/>\n<meta name=\"twitter:label1\" content=\"Written by\" \/>\n\t<meta name=\"twitter:data1\" content=\"Martin Campo\" \/>\n\t<meta name=\"twitter:label2\" content=\"Est. reading time\" \/>\n\t<meta name=\"twitter:data2\" content=\"2 minutes\" \/>\n<script type=\"application\/ld+json\" class=\"yoast-schema-graph\">{\"@context\":\"https:\/\/schema.org\",\"@graph\":[{\"@type\":\"WebPage\",\"@id\":\"https:\/\/rockandsports.com.ar\/index.php\/2023\/09\/12\/la-municipalidad-convoco-a-estudiantes-secundarios-a-participar-de-santiago-en-primavera-y-promo-23\/\",\"url\":\"https:\/\/rockandsports.com.ar\/index.php\/2023\/09\/12\/la-municipalidad-convoco-a-estudiantes-secundarios-a-participar-de-santiago-en-primavera-y-promo-23\/\",\"name\":\"La Municipalidad convoc\u00f3 a estudiantes secundarios a participar de \u201cSantiago en primavera\u201d y \u201cPromo 23\u201d - Radio Rock and Sports\",\"isPartOf\":{\"@id\":\"https:\/\/rockandsports.com.ar\/#website\"},\"datePublished\":\"2023-09-12T13:53:43+00:00\",\"dateModified\":\"2023-09-12T13:53:43+00:00\",\"author\":{\"@id\":\"https:\/\/rockandsports.com.ar\/#\/schema\/person\/b8fe5cae2a04cbff6a8561d60ee04157\"},\"breadcrumb\":{\"@id\":\"https:\/\/rockandsports.com.ar\/index.php\/2023\/09\/12\/la-municipalidad-convoco-a-estudiantes-secundarios-a-participar-de-santiago-en-primavera-y-promo-23\/#breadcrumb\"},\"inLanguage\":\"en-US\",\"potentialAction\":[{\"@type\":\"ReadAction\",\"target\":[\"https:\/\/rockandsports.com.ar\/index.php\/2023\/09\/12\/la-municipalidad-convoco-a-estudiantes-secundarios-a-participar-de-santiago-en-primavera-y-promo-23\/\"]}]},{\"@type\":\"BreadcrumbList\",\"@id\":\"https:\/\/rockandsports.com.ar\/index.php\/2023\/09\/12\/la-municipalidad-convoco-a-estudiantes-secundarios-a-participar-de-santiago-en-primavera-y-promo-23\/#breadcrumb\",\"itemListElement\":[{\"@type\":\"ListItem\",\"position\":1,\"name\":\"Portada\",\"item\":\"https:\/\/rockandsports.com.ar\/\"},{\"@type\":\"ListItem\",\"position\":2,\"name\":\"La Municipalidad convoc\u00f3 a estudiantes secundarios a participar de \u201cSantiago en primavera\u201d y \u201cPromo 23\u201d\"}]},{\"@type\":\"WebSite\",\"@id\":\"https:\/\/rockandsports.com.ar\/#website\",\"url\":\"https:\/\/rockandsports.com.ar\/\",\"name\":\"Radio Rock and Sports\",\"description\":\"\",\"potentialAction\":[{\"@type\":\"SearchAction\",\"target\":{\"@type\":\"EntryPoint\",\"urlTemplate\":\"https:\/\/rockandsports.com.ar\/?s={search_term_string}\"},\"query-input\":{\"@type\":\"PropertyValueSpecification\",\"valueRequired\":true,\"valueName\":\"search_term_string\"}}],\"inLanguage\":\"en-US\"},{\"@type\":\"Person\",\"@id\":\"https:\/\/rockandsports.com.ar\/#\/schema\/person\/b8fe5cae2a04cbff6a8561d60ee04157\",\"name\":\"Martin Campo\",\"image\":{\"@type\":\"ImageObject\",\"inLanguage\":\"en-US\",\"@id\":\"https:\/\/rockandsports.com.ar\/#\/schema\/person\/image\/\",\"url\":\"https:\/\/secure.gravatar.com\/avatar\/223cfe0932b36f81a912f199fd08a6fe?s=96&d=retro&r=g\",\"contentUrl\":\"https:\/\/secure.gravatar.com\/avatar\/223cfe0932b36f81a912f199fd08a6fe?s=96&d=retro&r=g\",\"caption\":\"Martin Campo\"},\"url\":\"https:\/\/rockandsports.com.ar\/index.php\/author\/mcampo\/\"}]}<\/script>\n<!-- \/ Yoast SEO plugin. -->","yoast_head_json":{"title":"La Municipalidad convoc\u00f3 a estudiantes secundarios a participar de \u201cSantiago en primavera\u201d y \u201cPromo 23\u201d - Radio Rock and Sports","robots":{"index":"index","follow":"follow","max-snippet":"max-snippet:-1","max-image-preview":"max-image-preview:large","max-video-preview":"max-video-preview:-1"},"canonical":"https:\/\/rockandsports.com.ar\/index.php\/2023\/09\/12\/la-municipalidad-convoco-a-estudiantes-secundarios-a-participar-de-santiago-en-primavera-y-promo-23\/","og_locale":"en_US","og_type":"article","og_title":"La Municipalidad convoc\u00f3 a estudiantes secundarios a participar de \u201cSantiago en primavera\u201d y \u201cPromo 23\u201d - Radio Rock and Sports","og_description":"En el mes de los j\u00f3venes y de las diferentes actividades programadas por la Municipalidad de la Capital para ellos,","og_url":"https:\/\/rockandsports.com.ar\/index.php\/2023\/09\/12\/la-municipalidad-convoco-a-estudiantes-secundarios-a-participar-de-santiago-en-primavera-y-promo-23\/","og_site_name":"Radio Rock and Sports","article_published_time":"2023-09-12T13:53:43+00:00","og_image":[{"width":1080,"height":1080,"url":"https:\/\/rockandsports.com.ar\/wp-content\/uploads\/2023\/09\/img_7990.jpg","type":"image\/jpeg"}],"author":"Martin Campo","twitter_card":"summary_large_image","twitter_misc":{"Written by":"Martin Campo","Est. reading time":"2 minutes"},"schema":{"@context":"https:\/\/schema.org","@graph":[{"@type":"WebPage","@id":"https:\/\/rockandsports.com.ar\/index.php\/2023\/09\/12\/la-municipalidad-convoco-a-estudiantes-secundarios-a-participar-de-santiago-en-primavera-y-promo-23\/","url":"https:\/\/rockandsports.com.ar\/index.php\/2023\/09\/12\/la-municipalidad-convoco-a-estudiantes-secundarios-a-participar-de-santiago-en-primavera-y-promo-23\/","name":"La Municipalidad convoc\u00f3 a estudiantes secundarios a participar de \u201cSantiago en primavera\u201d y \u201cPromo 23\u201d - Radio Rock and Sports","isPartOf":{"@id":"https:\/\/rockandsports.com.ar\/#website"},"datePublished":"2023-09-12T13:53:43+00:00","dateModified":"2023-09-12T13:53:43+00:00","author":{"@id":"https:\/\/rockandsports.com.ar\/#\/schema\/person\/b8fe5cae2a04cbff6a8561d60ee04157"},"breadcrumb":{"@id":"https:\/\/rockandsports.com.ar\/index.php\/2023\/09\/12\/la-municipalidad-convoco-a-estudiantes-secundarios-a-participar-de-santiago-en-primavera-y-promo-23\/#breadcrumb"},"inLanguage":"en-US","potentialAction":[{"@type":"ReadAction","target":["https:\/\/rockandsports.com.ar\/index.php\/2023\/09\/12\/la-municipalidad-convoco-a-estudiantes-secundarios-a-participar-de-santiago-en-primavera-y-promo-23\/"]}]},{"@type":"BreadcrumbList","@id":"https:\/\/rockandsports.com.ar\/index.php\/2023\/09\/12\/la-municipalidad-convoco-a-estudiantes-secundarios-a-participar-de-santiago-en-primavera-y-promo-23\/#breadcrumb","itemListElement":[{"@type":"ListItem","position":1,"name":"Portada","item":"https:\/\/rockandsports.com.ar\/"},{"@type":"ListItem","position":2,"name":"La Municipalidad convoc\u00f3 a estudiantes secundarios a participar de \u201cSantiago en primavera\u201d y \u201cPromo 23\u201d"}]},{"@type":"WebSite","@id":"https:\/\/rockandsports.com.ar\/#website","url":"https:\/\/rockandsports.com.ar\/","name":"Radio Rock and Sports","description":"","potentialAction":[{"@type":"SearchAction","target":{"@type":"EntryPoint","urlTemplate":"https:\/\/rockandsports.com.ar\/?s={search_term_string}"},"query-input":{"@type":"PropertyValueSpecification","valueRequired":true,"valueName":"search_term_string"}}],"inLanguage":"en-US"},{"@type":"Person","@id":"https:\/\/rockandsports.com.ar\/#\/schema\/person\/b8fe5cae2a04cbff6a8561d60ee04157","name":"Martin Campo","image":{"@type":"ImageObject","inLanguage":"en-US","@id":"https:\/\/rockandsports.com.ar\/#\/schema\/person\/image\/","url":"https:\/\/secure.gravatar.com\/avatar\/223cfe0932b36f81a912f199fd08a6fe?s=96&d=retro&r=g","contentUrl":"https:\/\/secure.gravatar.com\/avatar\/223cfe0932b36f81a912f199fd08a6fe?s=96&d=retro&r=g","caption":"Martin Campo"},"url":"https:\/\/rockandsports.com.ar\/index.php\/author\/mcampo\/"}]}},"_links":{"self":[{"href":"https:\/\/rockandsports.com.ar\/index.php\/wp-json\/wp\/v2\/posts\/4271","targetHints":{"allow":["GET"]}}],"collection":[{"href":"https:\/\/rockandsports.com.ar\/index.php\/wp-json\/wp\/v2\/posts"}],"about":[{"href":"https:\/\/rockandsports.com.ar\/index.php\/wp-json\/wp\/v2\/types\/post"}],"author":[{"embeddable":true,"href":"https:\/\/rockandsports.com.ar\/index.php\/wp-json\/wp\/v2\/users\/4"}],"replies":[{"embeddable":true,"href":"https:\/\/rockandsports.com.ar\/index.php\/wp-json\/wp\/v2\/comments?post=4271"}],"version-history":[{"count":1,"href":"https:\/\/rockandsports.com.ar\/index.php\/wp-json\/wp\/v2\/posts\/4271\/revisions"}],"predecessor-version":[{"id":4272,"href":"https:\/\/rockandsports.com.ar\/index.php\/wp-json\/wp\/v2\/posts\/4271\/revisions\/4272"}],"wp:attachment":[{"href":"https:\/\/rockandsports.com.ar\/index.php\/wp-json\/wp\/v2\/media?parent=4271"}],"wp:term":[{"taxonomy":"category","embeddable":true,"href":"https:\/\/rockandsports.com.ar\/index.php\/wp-json\/wp\/v2\/categories?post=4271"},{"taxonomy":"post_tag","embeddable":true,"href":"https:\/\/rockandsports.com.ar\/index.php\/wp-json\/wp\/v2\/tags?post=4271"}],"curies":[{"name":"wp","href":"https:\/\/api.w.org\/{rel}","templated":true}]}}