{"id":4268,"date":"2023-09-12T13:51:56","date_gmt":"2023-09-12T13:51:56","guid":{"rendered":"https:\/\/rockandsports.com.ar\/?p=4268"},"modified":"2023-09-12T13:51:56","modified_gmt":"2023-09-12T13:51:56","slug":"la-intendente-fuentes-destaco-el-compromiso-por-la-salud-publica-del-personal-de-los-centros-de-salud","status":"publish","type":"post","link":"https:\/\/rockandsports.com.ar\/index.php\/2023\/09\/12\/la-intendente-fuentes-destaco-el-compromiso-por-la-salud-publica-del-personal-de-los-centros-de-salud\/","title":{"rendered":"La intendente Fuentes destac\u00f3 el compromiso por la salud p\u00fablica del personal de los Centros de Salud"},"content":{"rendered":"\n<p>La intendente de la Capital, Ing. Norma Fuentes, entreg\u00f3 uniformes de trabajo a todos los agentes sanitarios que cumplen funciones en los Centros de Atenci\u00f3n Primaria para la Salud, de quienes destac\u00f3 su compromiso y defensa de la salud p\u00fablica.<\/p>\n\n\n\n<p>Se otorgaron m\u00e1s de 350 ambos, 100 chaquetas y 320 gorras y rompevientos a los CAPS ubicados en los barrios Los Flores, Francisco de Aguirre, Los Lagos, Tradici\u00f3n, Juan D\u00edaz de Sol\u00eds, Juan XXIII, Borges y 8 de Abril, as\u00ed como tambi\u00e9n al Centro Integrador Comunitario del barrio Campo Contreras y a la Direcci\u00f3n de Salud.<\/p>\n\n\n\n<p>En la ceremonia tambi\u00e9n participaron el secretario de Gobierno, N\u00e9stor Machado; el subsecretario de Salud y Desarrollo Comunitario, Mauro Kalinski y el director de Salud, Antonio Palomo.<\/p>\n\n\n\n<p>La Ing. Fuentes reconoci\u00f3 &#8220;la enorme calidad humana y profesional de los agentes municipales que denodadamente hacen un seguimiento personal de cada vecino, sobre todo de los m\u00e1s vulnerables; poniendo bien en alto la bandera de la salud p\u00fablica&#8221;.<\/p>\n\n\n\n<p>\u201cNadie conoce tanto el territorio y mantiene un contacto tan estrecho con los pacientes como el personal sanitario, por lo que es un orgullo para m\u00ed otorgarles nueva indumentaria y avanzar con la mejoras en la infraestructura de sus lugares de trabajo&#8221;, agreg\u00f3.<\/p>\n\n\n\n<p>En ese sentido, la intendente destac\u00f3 la decisi\u00f3n del gobernador, Gerardo Zamora, de otorgar mejoras salariales y un bono extraordinario para la planta de personal de la administraci\u00f3n p\u00fablica provincial y de los municipios.<\/p>\n\n\n\n<p>Por su parte, Palomo agradeci\u00f3 a la intendente Fuentes &#8220;por su decisi\u00f3n pol\u00edtica de defender la salud p\u00fablica y atender a las demandas del personal sanitario y de los vecinos, fortaleciendo el proceso de modernizaci\u00f3n de los centros de salud&#8221;.<\/p>\n\n\n\n<p>En tanto, en representaci\u00f3n de los agentes sanitarios, la coordinadora del CAPS Francisco de Aguirre, Aldana Leguizam\u00f3n, se\u00f1al\u00f3 que &#8220;los uniformes resaltan nuestra labor, ayudan a que los vecinos nos identifiquen y profundizan nuestro sentido de pertenencia, renovando el compromiso por mejorar la calidad de vida de la poblaci\u00f3n&#8221;.<\/p>\n","protected":false},"excerpt":{"rendered":"<p>La intendente de la Capital, Ing. Norma Fuentes, entreg\u00f3 uniformes de trabajo a todos los agentes sanitarios que cumplen funciones<\/p>\n","protected":false},"author":4,"featured_media":0,"comment_status":"open","ping_status":"open","sticky":false,"template":"","format":"standard","meta":{"footnotes":""},"categories":[226,6],"tags":[233],"class_list":["post-4268","post","type-post","status-publish","format-standard","hentry","category-actualidad","category-noticias","tag-locales"],"yoast_head":"<!-- This site is optimized with the Yoast SEO plugin v23.8 - https:\/\/yoast.com\/wordpress\/plugins\/seo\/ -->\n<title>La intendente Fuentes destac\u00f3 el compromiso por la salud p\u00fablica del personal de los Centros de Salud - Radio Rock and Sports<\/title>\n<meta name=\"robots\" content=\"index, follow, max-snippet:-1, max-image-preview:large, max-video-preview:-1\" \/>\n<link rel=\"canonical\" href=\"https:\/\/rockandsports.com.ar\/index.php\/2023\/09\/12\/la-intendente-fuentes-destaco-el-compromiso-por-la-salud-publica-del-personal-de-los-centros-de-salud\/\" \/>\n<meta property=\"og:locale\" content=\"en_US\" \/>\n<meta property=\"og:type\" content=\"article\" \/>\n<meta property=\"og:title\" content=\"La intendente Fuentes destac\u00f3 el compromiso por la salud p\u00fablica del personal de los Centros de Salud - Radio Rock and Sports\" \/>\n<meta property=\"og:description\" content=\"La intendente de la Capital, Ing. Norma Fuentes, entreg\u00f3 uniformes de trabajo a todos los agentes sanitarios que cumplen funciones\" \/>\n<meta property=\"og:url\" content=\"https:\/\/rockandsports.com.ar\/index.php\/2023\/09\/12\/la-intendente-fuentes-destaco-el-compromiso-por-la-salud-publica-del-personal-de-los-centros-de-salud\/\" \/>\n<meta property=\"og:site_name\" content=\"Radio Rock and Sports\" \/>\n<meta property=\"article:published_time\" content=\"2023-09-12T13:51:56+00:00\" \/>\n<meta property=\"og:image\" content=\"https:\/\/rockandsports.com.ar\/wp-content\/uploads\/2023\/09\/img_7989.jpg\" \/>\n\t<meta property=\"og:image:width\" content=\"1600\" \/>\n\t<meta property=\"og:image:height\" content=\"1066\" \/>\n\t<meta property=\"og:image:type\" content=\"image\/jpeg\" \/>\n<meta name=\"author\" content=\"Martin Campo\" \/>\n<meta name=\"twitter:card\" content=\"summary_large_image\" \/>\n<meta name=\"twitter:label1\" content=\"Written by\" \/>\n\t<meta name=\"twitter:data1\" content=\"Martin Campo\" \/>\n\t<meta name=\"twitter:label2\" content=\"Est. reading time\" \/>\n\t<meta name=\"twitter:data2\" content=\"2 minutes\" \/>\n<script type=\"application\/ld+json\" class=\"yoast-schema-graph\">{\"@context\":\"https:\/\/schema.org\",\"@graph\":[{\"@type\":\"WebPage\",\"@id\":\"https:\/\/rockandsports.com.ar\/index.php\/2023\/09\/12\/la-intendente-fuentes-destaco-el-compromiso-por-la-salud-publica-del-personal-de-los-centros-de-salud\/\",\"url\":\"https:\/\/rockandsports.com.ar\/index.php\/2023\/09\/12\/la-intendente-fuentes-destaco-el-compromiso-por-la-salud-publica-del-personal-de-los-centros-de-salud\/\",\"name\":\"La intendente Fuentes destac\u00f3 el compromiso por la salud p\u00fablica del personal de los Centros de Salud - Radio Rock and Sports\",\"isPartOf\":{\"@id\":\"https:\/\/rockandsports.com.ar\/#website\"},\"datePublished\":\"2023-09-12T13:51:56+00:00\",\"dateModified\":\"2023-09-12T13:51:56+00:00\",\"author\":{\"@id\":\"https:\/\/rockandsports.com.ar\/#\/schema\/person\/b8fe5cae2a04cbff6a8561d60ee04157\"},\"breadcrumb\":{\"@id\":\"https:\/\/rockandsports.com.ar\/index.php\/2023\/09\/12\/la-intendente-fuentes-destaco-el-compromiso-por-la-salud-publica-del-personal-de-los-centros-de-salud\/#breadcrumb\"},\"inLanguage\":\"en-US\",\"potentialAction\":[{\"@type\":\"ReadAction\",\"target\":[\"https:\/\/rockandsports.com.ar\/index.php\/2023\/09\/12\/la-intendente-fuentes-destaco-el-compromiso-por-la-salud-publica-del-personal-de-los-centros-de-salud\/\"]}]},{\"@type\":\"BreadcrumbList\",\"@id\":\"https:\/\/rockandsports.com.ar\/index.php\/2023\/09\/12\/la-intendente-fuentes-destaco-el-compromiso-por-la-salud-publica-del-personal-de-los-centros-de-salud\/#breadcrumb\",\"itemListElement\":[{\"@type\":\"ListItem\",\"position\":1,\"name\":\"Portada\",\"item\":\"https:\/\/rockandsports.com.ar\/\"},{\"@type\":\"ListItem\",\"position\":2,\"name\":\"La intendente Fuentes destac\u00f3 el compromiso por la salud p\u00fablica del personal de los Centros de Salud\"}]},{\"@type\":\"WebSite\",\"@id\":\"https:\/\/rockandsports.com.ar\/#website\",\"url\":\"https:\/\/rockandsports.com.ar\/\",\"name\":\"Radio Rock and Sports\",\"description\":\"\",\"potentialAction\":[{\"@type\":\"SearchAction\",\"target\":{\"@type\":\"EntryPoint\",\"urlTemplate\":\"https:\/\/rockandsports.com.ar\/?s={search_term_string}\"},\"query-input\":{\"@type\":\"PropertyValueSpecification\",\"valueRequired\":true,\"valueName\":\"search_term_string\"}}],\"inLanguage\":\"en-US\"},{\"@type\":\"Person\",\"@id\":\"https:\/\/rockandsports.com.ar\/#\/schema\/person\/b8fe5cae2a04cbff6a8561d60ee04157\",\"name\":\"Martin Campo\",\"image\":{\"@type\":\"ImageObject\",\"inLanguage\":\"en-US\",\"@id\":\"https:\/\/rockandsports.com.ar\/#\/schema\/person\/image\/\",\"url\":\"https:\/\/secure.gravatar.com\/avatar\/223cfe0932b36f81a912f199fd08a6fe?s=96&d=retro&r=g\",\"contentUrl\":\"https:\/\/secure.gravatar.com\/avatar\/223cfe0932b36f81a912f199fd08a6fe?s=96&d=retro&r=g\",\"caption\":\"Martin Campo\"},\"url\":\"https:\/\/rockandsports.com.ar\/index.php\/author\/mcampo\/\"}]}<\/script>\n<!-- \/ Yoast SEO plugin. -->","yoast_head_json":{"title":"La intendente Fuentes destac\u00f3 el compromiso por la salud p\u00fablica del personal de los Centros de Salud - Radio Rock and Sports","robots":{"index":"index","follow":"follow","max-snippet":"max-snippet:-1","max-image-preview":"max-image-preview:large","max-video-preview":"max-video-preview:-1"},"canonical":"https:\/\/rockandsports.com.ar\/index.php\/2023\/09\/12\/la-intendente-fuentes-destaco-el-compromiso-por-la-salud-publica-del-personal-de-los-centros-de-salud\/","og_locale":"en_US","og_type":"article","og_title":"La intendente Fuentes destac\u00f3 el compromiso por la salud p\u00fablica del personal de los Centros de Salud - Radio Rock and Sports","og_description":"La intendente de la Capital, Ing. Norma Fuentes, entreg\u00f3 uniformes de trabajo a todos los agentes sanitarios que cumplen funciones","og_url":"https:\/\/rockandsports.com.ar\/index.php\/2023\/09\/12\/la-intendente-fuentes-destaco-el-compromiso-por-la-salud-publica-del-personal-de-los-centros-de-salud\/","og_site_name":"Radio Rock and Sports","article_published_time":"2023-09-12T13:51:56+00:00","og_image":[{"width":1600,"height":1066,"url":"https:\/\/rockandsports.com.ar\/wp-content\/uploads\/2023\/09\/img_7989.jpg","type":"image\/jpeg"}],"author":"Martin Campo","twitter_card":"summary_large_image","twitter_misc":{"Written by":"Martin Campo","Est. reading time":"2 minutes"},"schema":{"@context":"https:\/\/schema.org","@graph":[{"@type":"WebPage","@id":"https:\/\/rockandsports.com.ar\/index.php\/2023\/09\/12\/la-intendente-fuentes-destaco-el-compromiso-por-la-salud-publica-del-personal-de-los-centros-de-salud\/","url":"https:\/\/rockandsports.com.ar\/index.php\/2023\/09\/12\/la-intendente-fuentes-destaco-el-compromiso-por-la-salud-publica-del-personal-de-los-centros-de-salud\/","name":"La intendente Fuentes destac\u00f3 el compromiso por la salud p\u00fablica del personal de los Centros de Salud - Radio Rock and Sports","isPartOf":{"@id":"https:\/\/rockandsports.com.ar\/#website"},"datePublished":"2023-09-12T13:51:56+00:00","dateModified":"2023-09-12T13:51:56+00:00","author":{"@id":"https:\/\/rockandsports.com.ar\/#\/schema\/person\/b8fe5cae2a04cbff6a8561d60ee04157"},"breadcrumb":{"@id":"https:\/\/rockandsports.com.ar\/index.php\/2023\/09\/12\/la-intendente-fuentes-destaco-el-compromiso-por-la-salud-publica-del-personal-de-los-centros-de-salud\/#breadcrumb"},"inLanguage":"en-US","potentialAction":[{"@type":"ReadAction","target":["https:\/\/rockandsports.com.ar\/index.php\/2023\/09\/12\/la-intendente-fuentes-destaco-el-compromiso-por-la-salud-publica-del-personal-de-los-centros-de-salud\/"]}]},{"@type":"BreadcrumbList","@id":"https:\/\/rockandsports.com.ar\/index.php\/2023\/09\/12\/la-intendente-fuentes-destaco-el-compromiso-por-la-salud-publica-del-personal-de-los-centros-de-salud\/#breadcrumb","itemListElement":[{"@type":"ListItem","position":1,"name":"Portada","item":"https:\/\/rockandsports.com.ar\/"},{"@type":"ListItem","position":2,"name":"La intendente Fuentes destac\u00f3 el compromiso por la salud p\u00fablica del personal de los Centros de Salud"}]},{"@type":"WebSite","@id":"https:\/\/rockandsports.com.ar\/#website","url":"https:\/\/rockandsports.com.ar\/","name":"Radio Rock and Sports","description":"","potentialAction":[{"@type":"SearchAction","target":{"@type":"EntryPoint","urlTemplate":"https:\/\/rockandsports.com.ar\/?s={search_term_string}"},"query-input":{"@type":"PropertyValueSpecification","valueRequired":true,"valueName":"search_term_string"}}],"inLanguage":"en-US"},{"@type":"Person","@id":"https:\/\/rockandsports.com.ar\/#\/schema\/person\/b8fe5cae2a04cbff6a8561d60ee04157","name":"Martin Campo","image":{"@type":"ImageObject","inLanguage":"en-US","@id":"https:\/\/rockandsports.com.ar\/#\/schema\/person\/image\/","url":"https:\/\/secure.gravatar.com\/avatar\/223cfe0932b36f81a912f199fd08a6fe?s=96&d=retro&r=g","contentUrl":"https:\/\/secure.gravatar.com\/avatar\/223cfe0932b36f81a912f199fd08a6fe?s=96&d=retro&r=g","caption":"Martin Campo"},"url":"https:\/\/rockandsports.com.ar\/index.php\/author\/mcampo\/"}]}},"_links":{"self":[{"href":"https:\/\/rockandsports.com.ar\/index.php\/wp-json\/wp\/v2\/posts\/4268","targetHints":{"allow":["GET"]}}],"collection":[{"href":"https:\/\/rockandsports.com.ar\/index.php\/wp-json\/wp\/v2\/posts"}],"about":[{"href":"https:\/\/rockandsports.com.ar\/index.php\/wp-json\/wp\/v2\/types\/post"}],"author":[{"embeddable":true,"href":"https:\/\/rockandsports.com.ar\/index.php\/wp-json\/wp\/v2\/users\/4"}],"replies":[{"embeddable":true,"href":"https:\/\/rockandsports.com.ar\/index.php\/wp-json\/wp\/v2\/comments?post=4268"}],"version-history":[{"count":1,"href":"https:\/\/rockandsports.com.ar\/index.php\/wp-json\/wp\/v2\/posts\/4268\/revisions"}],"predecessor-version":[{"id":4269,"href":"https:\/\/rockandsports.com.ar\/index.php\/wp-json\/wp\/v2\/posts\/4268\/revisions\/4269"}],"wp:attachment":[{"href":"https:\/\/rockandsports.com.ar\/index.php\/wp-json\/wp\/v2\/media?parent=4268"}],"wp:term":[{"taxonomy":"category","embeddable":true,"href":"https:\/\/rockandsports.com.ar\/index.php\/wp-json\/wp\/v2\/categories?post=4268"},{"taxonomy":"post_tag","embeddable":true,"href":"https:\/\/rockandsports.com.ar\/index.php\/wp-json\/wp\/v2\/tags?post=4268"}],"curies":[{"name":"wp","href":"https:\/\/api.w.org\/{rel}","templated":true}]}}