{"id":3324,"date":"2023-07-17T13:27:40","date_gmt":"2023-07-17T13:27:40","guid":{"rendered":"https:\/\/rockandsports.com.ar\/?p=3324"},"modified":"2023-07-17T13:27:50","modified_gmt":"2023-07-17T13:27:50","slug":"luis-adolfo-galvan-estuvo-presente-en-el-partido-de-central-cordoba","status":"publish","type":"post","link":"https:\/\/rockandsports.com.ar\/index.php\/2023\/07\/17\/luis-adolfo-galvan-estuvo-presente-en-el-partido-de-central-cordoba\/","title":{"rendered":"Luis Adolfo Galvan estuvo presente en el partido de Central Cordoba"},"content":{"rendered":"\n<p>El campe\u00f3n del mundo con la Selecci\u00f3n Argentina, Luis Adolfo Galv\u00e1n, estuvo presente en el encuentro entre Central C\u00f3rdoba e Independiente por la 25\u00aa fecha de la Liga Profesional de F\u00fatbol.<\/p>\n\n\n\n<p>El ex futbolista nacido en la ciudad santiague\u00f1a de Fern\u00e1ndez, que alz\u00f3 la Copa del Mundo en 1978, fue recibido por el presidente de Central C\u00f3rdoba, Ing. Jos\u00e9 Feliz Alfano, y tesorero del club, CPN Jos\u00e9 Hache, y el director del Estadio \u00danico Madre de Ciudades, Julio Marchant. Fue homenajeado con la entrega de una camiseta y se fotografi\u00f3 junto a su estatua, que se encuentra en el hall de entrada del estadio.<\/p>\n\n\n\n<figure class=\"wp-block-image size-large\"><img decoding=\"async\" src=\"https:\/\/rockandsports.com.ar\/wp-content\/uploads\/2023\/07\/25034e34-d2f8-482d-9af6-6f8fd5acbea6-1024x683.jpg\" class=\"wp-image-3322\" \/><\/figure>\n\n\n\n<p>Luis Adolfo Galv\u00e1n comenz\u00f3 su carrera en Independiente de Fern\u00e1ndez, luego visti\u00f3 los colores de Uni\u00f3n de Santiago del Estero. Jug\u00f3 en <em>Central C\u00f3rdoba<\/em> en el torneo Promocional de 1968 y de all\u00ed pas\u00f3 a Talleres de C\u00f3rdoba en donde dej\u00f3 su marca m\u00e1s importante. Adem\u00e1s, el santiague\u00f1o se puso las casacas de Loma Negra de Olavarr\u00eda, Belgrano de C\u00f3rdoba, Central Norte de Salta y Bol\u00edvar.<\/p>\n","protected":false},"excerpt":{"rendered":"<p>El campe\u00f3n del mundo con la Selecci\u00f3n Argentina, Luis Adolfo Galv\u00e1n, estuvo presente en el encuentro entre Central C\u00f3rdoba e<\/p>\n","protected":false},"author":4,"featured_media":0,"comment_status":"open","ping_status":"open","sticky":false,"template":"","format":"standard","meta":{"footnotes":""},"categories":[8,6],"tags":[21],"class_list":["post-3324","post","type-post","status-publish","format-standard","hentry","category-futbol","category-noticias","tag-futbol"],"yoast_head":"<!-- This site is optimized with the Yoast SEO plugin v23.8 - https:\/\/yoast.com\/wordpress\/plugins\/seo\/ -->\n<title>Luis Adolfo Galvan estuvo presente en el partido de Central Cordoba - Radio Rock and Sports<\/title>\n<meta name=\"robots\" content=\"index, follow, max-snippet:-1, max-image-preview:large, max-video-preview:-1\" \/>\n<link rel=\"canonical\" href=\"https:\/\/rockandsports.com.ar\/index.php\/2023\/07\/17\/luis-adolfo-galvan-estuvo-presente-en-el-partido-de-central-cordoba\/\" \/>\n<meta property=\"og:locale\" content=\"en_US\" \/>\n<meta property=\"og:type\" content=\"article\" \/>\n<meta property=\"og:title\" content=\"Luis Adolfo Galvan estuvo presente en el partido de Central Cordoba - Radio Rock and Sports\" \/>\n<meta property=\"og:description\" content=\"El campe\u00f3n del mundo con la Selecci\u00f3n Argentina, Luis Adolfo Galv\u00e1n, estuvo presente en el encuentro entre Central C\u00f3rdoba e\" \/>\n<meta property=\"og:url\" content=\"https:\/\/rockandsports.com.ar\/index.php\/2023\/07\/17\/luis-adolfo-galvan-estuvo-presente-en-el-partido-de-central-cordoba\/\" \/>\n<meta property=\"og:site_name\" content=\"Radio Rock and Sports\" \/>\n<meta property=\"article:published_time\" content=\"2023-07-17T13:27:40+00:00\" \/>\n<meta property=\"article:modified_time\" content=\"2023-07-17T13:27:50+00:00\" \/>\n<meta property=\"og:image\" content=\"https:\/\/rockandsports.com.ar\/wp-content\/uploads\/2023\/07\/9988a0e8-608f-42fb-ad34-fbe4c5435920.jpg\" \/>\n\t<meta property=\"og:image:width\" content=\"1000\" \/>\n\t<meta property=\"og:image:height\" content=\"1500\" \/>\n\t<meta property=\"og:image:type\" content=\"image\/jpeg\" \/>\n<meta name=\"author\" content=\"Martin Campo\" \/>\n<meta name=\"twitter:card\" content=\"summary_large_image\" \/>\n<meta name=\"twitter:label1\" content=\"Written by\" \/>\n\t<meta name=\"twitter:data1\" content=\"Martin Campo\" \/>\n\t<meta name=\"twitter:label2\" content=\"Est. reading time\" \/>\n\t<meta name=\"twitter:data2\" content=\"1 minute\" \/>\n<script type=\"application\/ld+json\" class=\"yoast-schema-graph\">{\"@context\":\"https:\/\/schema.org\",\"@graph\":[{\"@type\":\"WebPage\",\"@id\":\"https:\/\/rockandsports.com.ar\/index.php\/2023\/07\/17\/luis-adolfo-galvan-estuvo-presente-en-el-partido-de-central-cordoba\/\",\"url\":\"https:\/\/rockandsports.com.ar\/index.php\/2023\/07\/17\/luis-adolfo-galvan-estuvo-presente-en-el-partido-de-central-cordoba\/\",\"name\":\"Luis Adolfo Galvan estuvo presente en el partido de Central Cordoba - Radio Rock and Sports\",\"isPartOf\":{\"@id\":\"https:\/\/rockandsports.com.ar\/#website\"},\"primaryImageOfPage\":{\"@id\":\"https:\/\/rockandsports.com.ar\/index.php\/2023\/07\/17\/luis-adolfo-galvan-estuvo-presente-en-el-partido-de-central-cordoba\/#primaryimage\"},\"image\":{\"@id\":\"https:\/\/rockandsports.com.ar\/index.php\/2023\/07\/17\/luis-adolfo-galvan-estuvo-presente-en-el-partido-de-central-cordoba\/#primaryimage\"},\"thumbnailUrl\":\"https:\/\/rockandsports.com.ar\/wp-content\/uploads\/2023\/07\/25034e34-d2f8-482d-9af6-6f8fd5acbea6-1024x683.jpg\",\"datePublished\":\"2023-07-17T13:27:40+00:00\",\"dateModified\":\"2023-07-17T13:27:50+00:00\",\"author\":{\"@id\":\"https:\/\/rockandsports.com.ar\/#\/schema\/person\/b8fe5cae2a04cbff6a8561d60ee04157\"},\"breadcrumb\":{\"@id\":\"https:\/\/rockandsports.com.ar\/index.php\/2023\/07\/17\/luis-adolfo-galvan-estuvo-presente-en-el-partido-de-central-cordoba\/#breadcrumb\"},\"inLanguage\":\"en-US\",\"potentialAction\":[{\"@type\":\"ReadAction\",\"target\":[\"https:\/\/rockandsports.com.ar\/index.php\/2023\/07\/17\/luis-adolfo-galvan-estuvo-presente-en-el-partido-de-central-cordoba\/\"]}]},{\"@type\":\"ImageObject\",\"inLanguage\":\"en-US\",\"@id\":\"https:\/\/rockandsports.com.ar\/index.php\/2023\/07\/17\/luis-adolfo-galvan-estuvo-presente-en-el-partido-de-central-cordoba\/#primaryimage\",\"url\":\"https:\/\/rockandsports.com.ar\/wp-content\/uploads\/2023\/07\/25034e34-d2f8-482d-9af6-6f8fd5acbea6-1024x683.jpg\",\"contentUrl\":\"https:\/\/rockandsports.com.ar\/wp-content\/uploads\/2023\/07\/25034e34-d2f8-482d-9af6-6f8fd5acbea6-1024x683.jpg\"},{\"@type\":\"BreadcrumbList\",\"@id\":\"https:\/\/rockandsports.com.ar\/index.php\/2023\/07\/17\/luis-adolfo-galvan-estuvo-presente-en-el-partido-de-central-cordoba\/#breadcrumb\",\"itemListElement\":[{\"@type\":\"ListItem\",\"position\":1,\"name\":\"Portada\",\"item\":\"https:\/\/rockandsports.com.ar\/\"},{\"@type\":\"ListItem\",\"position\":2,\"name\":\"Luis Adolfo Galvan estuvo presente en el partido de Central Cordoba\"}]},{\"@type\":\"WebSite\",\"@id\":\"https:\/\/rockandsports.com.ar\/#website\",\"url\":\"https:\/\/rockandsports.com.ar\/\",\"name\":\"Radio Rock and Sports\",\"description\":\"\",\"potentialAction\":[{\"@type\":\"SearchAction\",\"target\":{\"@type\":\"EntryPoint\",\"urlTemplate\":\"https:\/\/rockandsports.com.ar\/?s={search_term_string}\"},\"query-input\":{\"@type\":\"PropertyValueSpecification\",\"valueRequired\":true,\"valueName\":\"search_term_string\"}}],\"inLanguage\":\"en-US\"},{\"@type\":\"Person\",\"@id\":\"https:\/\/rockandsports.com.ar\/#\/schema\/person\/b8fe5cae2a04cbff6a8561d60ee04157\",\"name\":\"Martin Campo\",\"image\":{\"@type\":\"ImageObject\",\"inLanguage\":\"en-US\",\"@id\":\"https:\/\/rockandsports.com.ar\/#\/schema\/person\/image\/\",\"url\":\"https:\/\/secure.gravatar.com\/avatar\/223cfe0932b36f81a912f199fd08a6fe?s=96&d=retro&r=g\",\"contentUrl\":\"https:\/\/secure.gravatar.com\/avatar\/223cfe0932b36f81a912f199fd08a6fe?s=96&d=retro&r=g\",\"caption\":\"Martin Campo\"},\"url\":\"https:\/\/rockandsports.com.ar\/index.php\/author\/mcampo\/\"}]}<\/script>\n<!-- \/ Yoast SEO plugin. -->","yoast_head_json":{"title":"Luis Adolfo Galvan estuvo presente en el partido de Central Cordoba - Radio Rock and Sports","robots":{"index":"index","follow":"follow","max-snippet":"max-snippet:-1","max-image-preview":"max-image-preview:large","max-video-preview":"max-video-preview:-1"},"canonical":"https:\/\/rockandsports.com.ar\/index.php\/2023\/07\/17\/luis-adolfo-galvan-estuvo-presente-en-el-partido-de-central-cordoba\/","og_locale":"en_US","og_type":"article","og_title":"Luis Adolfo Galvan estuvo presente en el partido de Central Cordoba - Radio Rock and Sports","og_description":"El campe\u00f3n del mundo con la Selecci\u00f3n Argentina, Luis Adolfo Galv\u00e1n, estuvo presente en el encuentro entre Central C\u00f3rdoba e","og_url":"https:\/\/rockandsports.com.ar\/index.php\/2023\/07\/17\/luis-adolfo-galvan-estuvo-presente-en-el-partido-de-central-cordoba\/","og_site_name":"Radio Rock and Sports","article_published_time":"2023-07-17T13:27:40+00:00","article_modified_time":"2023-07-17T13:27:50+00:00","og_image":[{"width":1000,"height":1500,"url":"https:\/\/rockandsports.com.ar\/wp-content\/uploads\/2023\/07\/9988a0e8-608f-42fb-ad34-fbe4c5435920.jpg","type":"image\/jpeg"}],"author":"Martin Campo","twitter_card":"summary_large_image","twitter_misc":{"Written by":"Martin Campo","Est. reading time":"1 minute"},"schema":{"@context":"https:\/\/schema.org","@graph":[{"@type":"WebPage","@id":"https:\/\/rockandsports.com.ar\/index.php\/2023\/07\/17\/luis-adolfo-galvan-estuvo-presente-en-el-partido-de-central-cordoba\/","url":"https:\/\/rockandsports.com.ar\/index.php\/2023\/07\/17\/luis-adolfo-galvan-estuvo-presente-en-el-partido-de-central-cordoba\/","name":"Luis Adolfo Galvan estuvo presente en el partido de Central Cordoba - Radio Rock and Sports","isPartOf":{"@id":"https:\/\/rockandsports.com.ar\/#website"},"primaryImageOfPage":{"@id":"https:\/\/rockandsports.com.ar\/index.php\/2023\/07\/17\/luis-adolfo-galvan-estuvo-presente-en-el-partido-de-central-cordoba\/#primaryimage"},"image":{"@id":"https:\/\/rockandsports.com.ar\/index.php\/2023\/07\/17\/luis-adolfo-galvan-estuvo-presente-en-el-partido-de-central-cordoba\/#primaryimage"},"thumbnailUrl":"https:\/\/rockandsports.com.ar\/wp-content\/uploads\/2023\/07\/25034e34-d2f8-482d-9af6-6f8fd5acbea6-1024x683.jpg","datePublished":"2023-07-17T13:27:40+00:00","dateModified":"2023-07-17T13:27:50+00:00","author":{"@id":"https:\/\/rockandsports.com.ar\/#\/schema\/person\/b8fe5cae2a04cbff6a8561d60ee04157"},"breadcrumb":{"@id":"https:\/\/rockandsports.com.ar\/index.php\/2023\/07\/17\/luis-adolfo-galvan-estuvo-presente-en-el-partido-de-central-cordoba\/#breadcrumb"},"inLanguage":"en-US","potentialAction":[{"@type":"ReadAction","target":["https:\/\/rockandsports.com.ar\/index.php\/2023\/07\/17\/luis-adolfo-galvan-estuvo-presente-en-el-partido-de-central-cordoba\/"]}]},{"@type":"ImageObject","inLanguage":"en-US","@id":"https:\/\/rockandsports.com.ar\/index.php\/2023\/07\/17\/luis-adolfo-galvan-estuvo-presente-en-el-partido-de-central-cordoba\/#primaryimage","url":"https:\/\/rockandsports.com.ar\/wp-content\/uploads\/2023\/07\/25034e34-d2f8-482d-9af6-6f8fd5acbea6-1024x683.jpg","contentUrl":"https:\/\/rockandsports.com.ar\/wp-content\/uploads\/2023\/07\/25034e34-d2f8-482d-9af6-6f8fd5acbea6-1024x683.jpg"},{"@type":"BreadcrumbList","@id":"https:\/\/rockandsports.com.ar\/index.php\/2023\/07\/17\/luis-adolfo-galvan-estuvo-presente-en-el-partido-de-central-cordoba\/#breadcrumb","itemListElement":[{"@type":"ListItem","position":1,"name":"Portada","item":"https:\/\/rockandsports.com.ar\/"},{"@type":"ListItem","position":2,"name":"Luis Adolfo Galvan estuvo presente en el partido de Central Cordoba"}]},{"@type":"WebSite","@id":"https:\/\/rockandsports.com.ar\/#website","url":"https:\/\/rockandsports.com.ar\/","name":"Radio Rock and Sports","description":"","potentialAction":[{"@type":"SearchAction","target":{"@type":"EntryPoint","urlTemplate":"https:\/\/rockandsports.com.ar\/?s={search_term_string}"},"query-input":{"@type":"PropertyValueSpecification","valueRequired":true,"valueName":"search_term_string"}}],"inLanguage":"en-US"},{"@type":"Person","@id":"https:\/\/rockandsports.com.ar\/#\/schema\/person\/b8fe5cae2a04cbff6a8561d60ee04157","name":"Martin Campo","image":{"@type":"ImageObject","inLanguage":"en-US","@id":"https:\/\/rockandsports.com.ar\/#\/schema\/person\/image\/","url":"https:\/\/secure.gravatar.com\/avatar\/223cfe0932b36f81a912f199fd08a6fe?s=96&d=retro&r=g","contentUrl":"https:\/\/secure.gravatar.com\/avatar\/223cfe0932b36f81a912f199fd08a6fe?s=96&d=retro&r=g","caption":"Martin Campo"},"url":"https:\/\/rockandsports.com.ar\/index.php\/author\/mcampo\/"}]}},"_links":{"self":[{"href":"https:\/\/rockandsports.com.ar\/index.php\/wp-json\/wp\/v2\/posts\/3324","targetHints":{"allow":["GET"]}}],"collection":[{"href":"https:\/\/rockandsports.com.ar\/index.php\/wp-json\/wp\/v2\/posts"}],"about":[{"href":"https:\/\/rockandsports.com.ar\/index.php\/wp-json\/wp\/v2\/types\/post"}],"author":[{"embeddable":true,"href":"https:\/\/rockandsports.com.ar\/index.php\/wp-json\/wp\/v2\/users\/4"}],"replies":[{"embeddable":true,"href":"https:\/\/rockandsports.com.ar\/index.php\/wp-json\/wp\/v2\/comments?post=3324"}],"version-history":[{"count":1,"href":"https:\/\/rockandsports.com.ar\/index.php\/wp-json\/wp\/v2\/posts\/3324\/revisions"}],"predecessor-version":[{"id":3325,"href":"https:\/\/rockandsports.com.ar\/index.php\/wp-json\/wp\/v2\/posts\/3324\/revisions\/3325"}],"wp:attachment":[{"href":"https:\/\/rockandsports.com.ar\/index.php\/wp-json\/wp\/v2\/media?parent=3324"}],"wp:term":[{"taxonomy":"category","embeddable":true,"href":"https:\/\/rockandsports.com.ar\/index.php\/wp-json\/wp\/v2\/categories?post=3324"},{"taxonomy":"post_tag","embeddable":true,"href":"https:\/\/rockandsports.com.ar\/index.php\/wp-json\/wp\/v2\/tags?post=3324"}],"curies":[{"name":"wp","href":"https:\/\/api.w.org\/{rel}","templated":true}]}}