{"id":3114,"date":"2023-07-11T12:53:11","date_gmt":"2023-07-11T12:53:11","guid":{"rendered":"https:\/\/rockandsports.com.ar\/?p=3114"},"modified":"2023-07-11T12:53:21","modified_gmt":"2023-07-11T12:53:21","slug":"el-decano-y-el-lobo-cierran-la-fecha-24","status":"publish","type":"post","link":"https:\/\/rockandsports.com.ar\/index.php\/2023\/07\/11\/el-decano-y-el-lobo-cierran-la-fecha-24\/","title":{"rendered":"El decano y el lobo cierran la fecha 24"},"content":{"rendered":"\n<p>Atl\u00e9tico Tucum\u00e1n y Gimnasia y Esgrima La Platacerrar\u00e1n la fecha 24ta. del torneo de la Liga Profesional de F\u00fatbol <\/p>\n\n\n\n<p>Desde las 21.30 en el estadio Monumental Jos\u00e9 Fierro, con Nazareno Arasa como \u00e1rbitro y transmisi\u00f3n de ESPN Premium.<\/p>\n\n\n\n<figure class=\"wp-block-image size-large\"><img decoding=\"async\" src=\"https:\/\/rockandsports.com.ar\/wp-content\/uploads\/2023\/07\/img_7062-576x1024.jpg\" class=\"wp-image-3111\" \/><\/figure>\n\n\n\n<figure class=\"wp-block-image size-large\"><img decoding=\"async\" src=\"https:\/\/rockandsports.com.ar\/wp-content\/uploads\/2023\/07\/img_7063-1024x1024.jpg\" class=\"wp-image-3112\" \/><\/figure>\n","protected":false},"excerpt":{"rendered":"<p>Atl\u00e9tico Tucum\u00e1n y Gimnasia y Esgrima La Platacerrar\u00e1n la fecha 24ta. del torneo de la Liga Profesional de F\u00fatbol Desde<\/p>\n","protected":false},"author":4,"featured_media":0,"comment_status":"open","ping_status":"open","sticky":false,"template":"","format":"standard","meta":{"footnotes":""},"categories":[8,6],"tags":[21,24],"class_list":["post-3114","post","type-post","status-publish","format-standard","hentry","category-futbol","category-noticias","tag-futbol","tag-liga-profesional"],"yoast_head":"<!-- This site is optimized with the Yoast SEO plugin v23.8 - https:\/\/yoast.com\/wordpress\/plugins\/seo\/ -->\n<title>El decano y el lobo cierran la fecha 24 - Radio Rock and Sports<\/title>\n<meta name=\"robots\" content=\"index, follow, max-snippet:-1, max-image-preview:large, max-video-preview:-1\" \/>\n<link rel=\"canonical\" href=\"https:\/\/rockandsports.com.ar\/index.php\/2023\/07\/11\/el-decano-y-el-lobo-cierran-la-fecha-24\/\" \/>\n<meta property=\"og:locale\" content=\"en_US\" \/>\n<meta property=\"og:type\" content=\"article\" \/>\n<meta property=\"og:title\" content=\"El decano y el lobo cierran la fecha 24 - Radio Rock and Sports\" \/>\n<meta property=\"og:description\" content=\"Atl\u00e9tico Tucum\u00e1n y Gimnasia y Esgrima La Platacerrar\u00e1n la fecha 24ta. del torneo de la Liga Profesional de F\u00fatbol Desde\" \/>\n<meta property=\"og:url\" content=\"https:\/\/rockandsports.com.ar\/index.php\/2023\/07\/11\/el-decano-y-el-lobo-cierran-la-fecha-24\/\" \/>\n<meta property=\"og:site_name\" content=\"Radio Rock and Sports\" \/>\n<meta property=\"article:published_time\" content=\"2023-07-11T12:53:11+00:00\" \/>\n<meta property=\"article:modified_time\" content=\"2023-07-11T12:53:21+00:00\" \/>\n<meta property=\"og:image\" content=\"https:\/\/rockandsports.com.ar\/wp-content\/uploads\/2023\/07\/img_7064.jpg\" \/>\n\t<meta property=\"og:image:width\" content=\"1440\" \/>\n\t<meta property=\"og:image:height\" content=\"810\" \/>\n\t<meta property=\"og:image:type\" content=\"image\/jpeg\" \/>\n<meta name=\"author\" content=\"Martin Campo\" \/>\n<meta name=\"twitter:card\" content=\"summary_large_image\" \/>\n<meta name=\"twitter:label1\" content=\"Written by\" \/>\n\t<meta name=\"twitter:data1\" content=\"Martin Campo\" \/>\n<script type=\"application\/ld+json\" class=\"yoast-schema-graph\">{\"@context\":\"https:\/\/schema.org\",\"@graph\":[{\"@type\":\"WebPage\",\"@id\":\"https:\/\/rockandsports.com.ar\/index.php\/2023\/07\/11\/el-decano-y-el-lobo-cierran-la-fecha-24\/\",\"url\":\"https:\/\/rockandsports.com.ar\/index.php\/2023\/07\/11\/el-decano-y-el-lobo-cierran-la-fecha-24\/\",\"name\":\"El decano y el lobo cierran la fecha 24 - Radio Rock and Sports\",\"isPartOf\":{\"@id\":\"https:\/\/rockandsports.com.ar\/#website\"},\"primaryImageOfPage\":{\"@id\":\"https:\/\/rockandsports.com.ar\/index.php\/2023\/07\/11\/el-decano-y-el-lobo-cierran-la-fecha-24\/#primaryimage\"},\"image\":{\"@id\":\"https:\/\/rockandsports.com.ar\/index.php\/2023\/07\/11\/el-decano-y-el-lobo-cierran-la-fecha-24\/#primaryimage\"},\"thumbnailUrl\":\"https:\/\/rockandsports.com.ar\/wp-content\/uploads\/2023\/07\/img_7062-576x1024.jpg\",\"datePublished\":\"2023-07-11T12:53:11+00:00\",\"dateModified\":\"2023-07-11T12:53:21+00:00\",\"author\":{\"@id\":\"https:\/\/rockandsports.com.ar\/#\/schema\/person\/b8fe5cae2a04cbff6a8561d60ee04157\"},\"breadcrumb\":{\"@id\":\"https:\/\/rockandsports.com.ar\/index.php\/2023\/07\/11\/el-decano-y-el-lobo-cierran-la-fecha-24\/#breadcrumb\"},\"inLanguage\":\"en-US\",\"potentialAction\":[{\"@type\":\"ReadAction\",\"target\":[\"https:\/\/rockandsports.com.ar\/index.php\/2023\/07\/11\/el-decano-y-el-lobo-cierran-la-fecha-24\/\"]}]},{\"@type\":\"ImageObject\",\"inLanguage\":\"en-US\",\"@id\":\"https:\/\/rockandsports.com.ar\/index.php\/2023\/07\/11\/el-decano-y-el-lobo-cierran-la-fecha-24\/#primaryimage\",\"url\":\"https:\/\/rockandsports.com.ar\/wp-content\/uploads\/2023\/07\/img_7062-576x1024.jpg\",\"contentUrl\":\"https:\/\/rockandsports.com.ar\/wp-content\/uploads\/2023\/07\/img_7062-576x1024.jpg\"},{\"@type\":\"BreadcrumbList\",\"@id\":\"https:\/\/rockandsports.com.ar\/index.php\/2023\/07\/11\/el-decano-y-el-lobo-cierran-la-fecha-24\/#breadcrumb\",\"itemListElement\":[{\"@type\":\"ListItem\",\"position\":1,\"name\":\"Portada\",\"item\":\"https:\/\/rockandsports.com.ar\/\"},{\"@type\":\"ListItem\",\"position\":2,\"name\":\"El decano y el lobo cierran la fecha 24\"}]},{\"@type\":\"WebSite\",\"@id\":\"https:\/\/rockandsports.com.ar\/#website\",\"url\":\"https:\/\/rockandsports.com.ar\/\",\"name\":\"Radio Rock and Sports\",\"description\":\"\",\"potentialAction\":[{\"@type\":\"SearchAction\",\"target\":{\"@type\":\"EntryPoint\",\"urlTemplate\":\"https:\/\/rockandsports.com.ar\/?s={search_term_string}\"},\"query-input\":{\"@type\":\"PropertyValueSpecification\",\"valueRequired\":true,\"valueName\":\"search_term_string\"}}],\"inLanguage\":\"en-US\"},{\"@type\":\"Person\",\"@id\":\"https:\/\/rockandsports.com.ar\/#\/schema\/person\/b8fe5cae2a04cbff6a8561d60ee04157\",\"name\":\"Martin Campo\",\"image\":{\"@type\":\"ImageObject\",\"inLanguage\":\"en-US\",\"@id\":\"https:\/\/rockandsports.com.ar\/#\/schema\/person\/image\/\",\"url\":\"https:\/\/secure.gravatar.com\/avatar\/223cfe0932b36f81a912f199fd08a6fe?s=96&d=retro&r=g\",\"contentUrl\":\"https:\/\/secure.gravatar.com\/avatar\/223cfe0932b36f81a912f199fd08a6fe?s=96&d=retro&r=g\",\"caption\":\"Martin Campo\"},\"url\":\"https:\/\/rockandsports.com.ar\/index.php\/author\/mcampo\/\"}]}<\/script>\n<!-- \/ Yoast SEO plugin. -->","yoast_head_json":{"title":"El decano y el lobo cierran la fecha 24 - Radio Rock and Sports","robots":{"index":"index","follow":"follow","max-snippet":"max-snippet:-1","max-image-preview":"max-image-preview:large","max-video-preview":"max-video-preview:-1"},"canonical":"https:\/\/rockandsports.com.ar\/index.php\/2023\/07\/11\/el-decano-y-el-lobo-cierran-la-fecha-24\/","og_locale":"en_US","og_type":"article","og_title":"El decano y el lobo cierran la fecha 24 - Radio Rock and Sports","og_description":"Atl\u00e9tico Tucum\u00e1n y Gimnasia y Esgrima La Platacerrar\u00e1n la fecha 24ta. del torneo de la Liga Profesional de F\u00fatbol Desde","og_url":"https:\/\/rockandsports.com.ar\/index.php\/2023\/07\/11\/el-decano-y-el-lobo-cierran-la-fecha-24\/","og_site_name":"Radio Rock and Sports","article_published_time":"2023-07-11T12:53:11+00:00","article_modified_time":"2023-07-11T12:53:21+00:00","og_image":[{"width":1440,"height":810,"url":"https:\/\/rockandsports.com.ar\/wp-content\/uploads\/2023\/07\/img_7064.jpg","type":"image\/jpeg"}],"author":"Martin Campo","twitter_card":"summary_large_image","twitter_misc":{"Written by":"Martin Campo"},"schema":{"@context":"https:\/\/schema.org","@graph":[{"@type":"WebPage","@id":"https:\/\/rockandsports.com.ar\/index.php\/2023\/07\/11\/el-decano-y-el-lobo-cierran-la-fecha-24\/","url":"https:\/\/rockandsports.com.ar\/index.php\/2023\/07\/11\/el-decano-y-el-lobo-cierran-la-fecha-24\/","name":"El decano y el lobo cierran la fecha 24 - Radio Rock and Sports","isPartOf":{"@id":"https:\/\/rockandsports.com.ar\/#website"},"primaryImageOfPage":{"@id":"https:\/\/rockandsports.com.ar\/index.php\/2023\/07\/11\/el-decano-y-el-lobo-cierran-la-fecha-24\/#primaryimage"},"image":{"@id":"https:\/\/rockandsports.com.ar\/index.php\/2023\/07\/11\/el-decano-y-el-lobo-cierran-la-fecha-24\/#primaryimage"},"thumbnailUrl":"https:\/\/rockandsports.com.ar\/wp-content\/uploads\/2023\/07\/img_7062-576x1024.jpg","datePublished":"2023-07-11T12:53:11+00:00","dateModified":"2023-07-11T12:53:21+00:00","author":{"@id":"https:\/\/rockandsports.com.ar\/#\/schema\/person\/b8fe5cae2a04cbff6a8561d60ee04157"},"breadcrumb":{"@id":"https:\/\/rockandsports.com.ar\/index.php\/2023\/07\/11\/el-decano-y-el-lobo-cierran-la-fecha-24\/#breadcrumb"},"inLanguage":"en-US","potentialAction":[{"@type":"ReadAction","target":["https:\/\/rockandsports.com.ar\/index.php\/2023\/07\/11\/el-decano-y-el-lobo-cierran-la-fecha-24\/"]}]},{"@type":"ImageObject","inLanguage":"en-US","@id":"https:\/\/rockandsports.com.ar\/index.php\/2023\/07\/11\/el-decano-y-el-lobo-cierran-la-fecha-24\/#primaryimage","url":"https:\/\/rockandsports.com.ar\/wp-content\/uploads\/2023\/07\/img_7062-576x1024.jpg","contentUrl":"https:\/\/rockandsports.com.ar\/wp-content\/uploads\/2023\/07\/img_7062-576x1024.jpg"},{"@type":"BreadcrumbList","@id":"https:\/\/rockandsports.com.ar\/index.php\/2023\/07\/11\/el-decano-y-el-lobo-cierran-la-fecha-24\/#breadcrumb","itemListElement":[{"@type":"ListItem","position":1,"name":"Portada","item":"https:\/\/rockandsports.com.ar\/"},{"@type":"ListItem","position":2,"name":"El decano y el lobo cierran la fecha 24"}]},{"@type":"WebSite","@id":"https:\/\/rockandsports.com.ar\/#website","url":"https:\/\/rockandsports.com.ar\/","name":"Radio Rock and Sports","description":"","potentialAction":[{"@type":"SearchAction","target":{"@type":"EntryPoint","urlTemplate":"https:\/\/rockandsports.com.ar\/?s={search_term_string}"},"query-input":{"@type":"PropertyValueSpecification","valueRequired":true,"valueName":"search_term_string"}}],"inLanguage":"en-US"},{"@type":"Person","@id":"https:\/\/rockandsports.com.ar\/#\/schema\/person\/b8fe5cae2a04cbff6a8561d60ee04157","name":"Martin Campo","image":{"@type":"ImageObject","inLanguage":"en-US","@id":"https:\/\/rockandsports.com.ar\/#\/schema\/person\/image\/","url":"https:\/\/secure.gravatar.com\/avatar\/223cfe0932b36f81a912f199fd08a6fe?s=96&d=retro&r=g","contentUrl":"https:\/\/secure.gravatar.com\/avatar\/223cfe0932b36f81a912f199fd08a6fe?s=96&d=retro&r=g","caption":"Martin Campo"},"url":"https:\/\/rockandsports.com.ar\/index.php\/author\/mcampo\/"}]}},"_links":{"self":[{"href":"https:\/\/rockandsports.com.ar\/index.php\/wp-json\/wp\/v2\/posts\/3114","targetHints":{"allow":["GET"]}}],"collection":[{"href":"https:\/\/rockandsports.com.ar\/index.php\/wp-json\/wp\/v2\/posts"}],"about":[{"href":"https:\/\/rockandsports.com.ar\/index.php\/wp-json\/wp\/v2\/types\/post"}],"author":[{"embeddable":true,"href":"https:\/\/rockandsports.com.ar\/index.php\/wp-json\/wp\/v2\/users\/4"}],"replies":[{"embeddable":true,"href":"https:\/\/rockandsports.com.ar\/index.php\/wp-json\/wp\/v2\/comments?post=3114"}],"version-history":[{"count":1,"href":"https:\/\/rockandsports.com.ar\/index.php\/wp-json\/wp\/v2\/posts\/3114\/revisions"}],"predecessor-version":[{"id":3115,"href":"https:\/\/rockandsports.com.ar\/index.php\/wp-json\/wp\/v2\/posts\/3114\/revisions\/3115"}],"wp:attachment":[{"href":"https:\/\/rockandsports.com.ar\/index.php\/wp-json\/wp\/v2\/media?parent=3114"}],"wp:term":[{"taxonomy":"category","embeddable":true,"href":"https:\/\/rockandsports.com.ar\/index.php\/wp-json\/wp\/v2\/categories?post=3114"},{"taxonomy":"post_tag","embeddable":true,"href":"https:\/\/rockandsports.com.ar\/index.php\/wp-json\/wp\/v2\/tags?post=3114"}],"curies":[{"name":"wp","href":"https:\/\/api.w.org\/{rel}","templated":true}]}}