{"id":2344,"date":"2023-06-06T23:41:12","date_gmt":"2023-06-06T23:41:12","guid":{"rendered":"https:\/\/rockandsports.com.ar\/?p=2344"},"modified":"2023-06-06T23:41:13","modified_gmt":"2023-06-06T23:41:13","slug":"detuvieron-a-l-gante-por-amenazas-y-privacion-ilegal-de-la-libertad","status":"publish","type":"post","link":"https:\/\/rockandsports.com.ar\/index.php\/2023\/06\/06\/detuvieron-a-l-gante-por-amenazas-y-privacion-ilegal-de-la-libertad\/","title":{"rendered":"Detuvieron a L-Gante por &#8220;amenazas&#8221; y &#8220;privaci\u00f3n ilegal de la libertad&#8221;"},"content":{"rendered":"\n<p>La Polic\u00eda Bonaerense detuvo hoy al cantante de cumbia Eli\u00e1n Valenzuela, conocido como<strong> L-Gante<\/strong>, durante un procedimiento que se realiz\u00f3 en torno causa por &#8220;amenazas&#8221; y &#8220;privaci\u00f3n ilegal de la libertad&#8221;. <\/p>\n\n\n\n<p>Seg\u00fan indicaron fuentes policiales, se realiz\u00f3 una serie de procedimientos en propiedades que tiene el artista en las localidades de Carlos Keen, el barrio Bicentenario de General Rodr\u00edguez y en el country Provincia, de Francisco \u00c1lvarez partido de Moreno, donde fue hallado el artista. De acuerdo con la informaci\u00f3n difundida por el canal TN, la detenci\u00f3n del cantante de 23 a\u00f1os se produjo por un episodio ocurrido en mayo \u00faltimo a la salida de un boliche. L-Gante est\u00e1 acusado de haber amenazado con un arma y retenido a un grupo de j\u00f3venes con los que discuti\u00f3 previamente.<\/p>\n\n\n\n<figure class=\"wp-block-embed is-type-video is-provider-youtube wp-block-embed-youtube wp-embed-aspect-16-9 wp-has-aspect-ratio\"><div class=\"wp-block-embed__wrapper\">\n<iframe title=\"DETUVIERON A L-GANTE I Las im\u00e1genes del megaoperativo para detener al cantante en un lujoso country\" width=\"800\" height=\"450\" src=\"https:\/\/www.youtube.com\/embed\/iuhVvS_hgQQ?feature=oembed\" frameborder=\"0\" allow=\"accelerometer; autoplay; clipboard-write; encrypted-media; gyroscope; picture-in-picture; web-share\" allowfullscreen><\/iframe>\n<\/div><\/figure>\n","protected":false},"excerpt":{"rendered":"<p>La Polic\u00eda Bonaerense detuvo hoy al cantante de cumbia Eli\u00e1n Valenzuela, conocido como L-Gante, durante un procedimiento que se realiz\u00f3<\/p>\n","protected":false},"author":14,"featured_media":0,"comment_status":"open","ping_status":"open","sticky":false,"template":"","format":"standard","meta":{"footnotes":""},"categories":[56],"tags":[70,223,20],"class_list":["post-2344","post","type-post","status-publish","format-standard","hentry","category-espectaculos","tag-justicia","tag-lgante","tag-musica"],"yoast_head":"<!-- This site is optimized with the Yoast SEO plugin v23.8 - https:\/\/yoast.com\/wordpress\/plugins\/seo\/ -->\n<title>Detuvieron a L-Gante por &quot;amenazas&quot; y &quot;privaci\u00f3n ilegal de la libertad&quot; - Radio Rock and Sports<\/title>\n<meta name=\"robots\" content=\"index, follow, max-snippet:-1, max-image-preview:large, max-video-preview:-1\" \/>\n<link rel=\"canonical\" href=\"https:\/\/rockandsports.com.ar\/index.php\/2023\/06\/06\/detuvieron-a-l-gante-por-amenazas-y-privacion-ilegal-de-la-libertad\/\" \/>\n<meta property=\"og:locale\" content=\"en_US\" \/>\n<meta property=\"og:type\" content=\"article\" \/>\n<meta property=\"og:title\" content=\"Detuvieron a L-Gante por &quot;amenazas&quot; y &quot;privaci\u00f3n ilegal de la libertad&quot; - Radio Rock and Sports\" \/>\n<meta property=\"og:description\" content=\"La Polic\u00eda Bonaerense detuvo hoy al cantante de cumbia Eli\u00e1n Valenzuela, conocido como L-Gante, durante un procedimiento que se realiz\u00f3\" \/>\n<meta property=\"og:url\" content=\"https:\/\/rockandsports.com.ar\/index.php\/2023\/06\/06\/detuvieron-a-l-gante-por-amenazas-y-privacion-ilegal-de-la-libertad\/\" \/>\n<meta property=\"og:site_name\" content=\"Radio Rock and Sports\" \/>\n<meta property=\"article:published_time\" content=\"2023-06-06T23:41:12+00:00\" \/>\n<meta property=\"article:modified_time\" content=\"2023-06-06T23:41:13+00:00\" \/>\n<meta property=\"og:image\" content=\"http:\/\/rockandsports.com.ar\/wp-content\/uploads\/2023\/06\/l-gante-2jpg.jpg\" \/>\n\t<meta property=\"og:image:width\" content=\"1200\" \/>\n\t<meta property=\"og:image:height\" content=\"675\" \/>\n\t<meta property=\"og:image:type\" content=\"image\/jpeg\" \/>\n<meta name=\"author\" content=\"Anna Kanc\" \/>\n<meta name=\"twitter:card\" content=\"summary_large_image\" \/>\n<meta name=\"twitter:label1\" content=\"Written by\" \/>\n\t<meta name=\"twitter:data1\" content=\"Anna Kanc\" \/>\n\t<meta name=\"twitter:label2\" content=\"Est. reading time\" \/>\n\t<meta name=\"twitter:data2\" content=\"1 minute\" \/>\n<script type=\"application\/ld+json\" class=\"yoast-schema-graph\">{\"@context\":\"https:\/\/schema.org\",\"@graph\":[{\"@type\":\"WebPage\",\"@id\":\"https:\/\/rockandsports.com.ar\/index.php\/2023\/06\/06\/detuvieron-a-l-gante-por-amenazas-y-privacion-ilegal-de-la-libertad\/\",\"url\":\"https:\/\/rockandsports.com.ar\/index.php\/2023\/06\/06\/detuvieron-a-l-gante-por-amenazas-y-privacion-ilegal-de-la-libertad\/\",\"name\":\"Detuvieron a L-Gante por \\\"amenazas\\\" y \\\"privaci\u00f3n ilegal de la libertad\\\" - Radio Rock and Sports\",\"isPartOf\":{\"@id\":\"https:\/\/rockandsports.com.ar\/#website\"},\"datePublished\":\"2023-06-06T23:41:12+00:00\",\"dateModified\":\"2023-06-06T23:41:13+00:00\",\"author\":{\"@id\":\"https:\/\/rockandsports.com.ar\/#\/schema\/person\/ff5cde372e5c85f371ac6729628997e7\"},\"breadcrumb\":{\"@id\":\"https:\/\/rockandsports.com.ar\/index.php\/2023\/06\/06\/detuvieron-a-l-gante-por-amenazas-y-privacion-ilegal-de-la-libertad\/#breadcrumb\"},\"inLanguage\":\"en-US\",\"potentialAction\":[{\"@type\":\"ReadAction\",\"target\":[\"https:\/\/rockandsports.com.ar\/index.php\/2023\/06\/06\/detuvieron-a-l-gante-por-amenazas-y-privacion-ilegal-de-la-libertad\/\"]}]},{\"@type\":\"BreadcrumbList\",\"@id\":\"https:\/\/rockandsports.com.ar\/index.php\/2023\/06\/06\/detuvieron-a-l-gante-por-amenazas-y-privacion-ilegal-de-la-libertad\/#breadcrumb\",\"itemListElement\":[{\"@type\":\"ListItem\",\"position\":1,\"name\":\"Portada\",\"item\":\"https:\/\/rockandsports.com.ar\/\"},{\"@type\":\"ListItem\",\"position\":2,\"name\":\"Detuvieron a L-Gante por \u00abamenazas\u00bb y \u00abprivaci\u00f3n ilegal de la libertad\u00bb\"}]},{\"@type\":\"WebSite\",\"@id\":\"https:\/\/rockandsports.com.ar\/#website\",\"url\":\"https:\/\/rockandsports.com.ar\/\",\"name\":\"Radio Rock and Sports\",\"description\":\"\",\"potentialAction\":[{\"@type\":\"SearchAction\",\"target\":{\"@type\":\"EntryPoint\",\"urlTemplate\":\"https:\/\/rockandsports.com.ar\/?s={search_term_string}\"},\"query-input\":{\"@type\":\"PropertyValueSpecification\",\"valueRequired\":true,\"valueName\":\"search_term_string\"}}],\"inLanguage\":\"en-US\"},{\"@type\":\"Person\",\"@id\":\"https:\/\/rockandsports.com.ar\/#\/schema\/person\/ff5cde372e5c85f371ac6729628997e7\",\"name\":\"Anna Kanc\",\"image\":{\"@type\":\"ImageObject\",\"inLanguage\":\"en-US\",\"@id\":\"https:\/\/rockandsports.com.ar\/#\/schema\/person\/image\/\",\"url\":\"https:\/\/secure.gravatar.com\/avatar\/b535b6e36aaf00b9b902a05b64443afa?s=96&d=retro&r=g\",\"contentUrl\":\"https:\/\/secure.gravatar.com\/avatar\/b535b6e36aaf00b9b902a05b64443afa?s=96&d=retro&r=g\",\"caption\":\"Anna Kanc\"},\"url\":\"https:\/\/rockandsports.com.ar\/index.php\/author\/akanc\/\"}]}<\/script>\n<!-- \/ Yoast SEO plugin. -->","yoast_head_json":{"title":"Detuvieron a L-Gante por \"amenazas\" y \"privaci\u00f3n ilegal de la libertad\" - Radio Rock and Sports","robots":{"index":"index","follow":"follow","max-snippet":"max-snippet:-1","max-image-preview":"max-image-preview:large","max-video-preview":"max-video-preview:-1"},"canonical":"https:\/\/rockandsports.com.ar\/index.php\/2023\/06\/06\/detuvieron-a-l-gante-por-amenazas-y-privacion-ilegal-de-la-libertad\/","og_locale":"en_US","og_type":"article","og_title":"Detuvieron a L-Gante por \"amenazas\" y \"privaci\u00f3n ilegal de la libertad\" - Radio Rock and Sports","og_description":"La Polic\u00eda Bonaerense detuvo hoy al cantante de cumbia Eli\u00e1n Valenzuela, conocido como L-Gante, durante un procedimiento que se realiz\u00f3","og_url":"https:\/\/rockandsports.com.ar\/index.php\/2023\/06\/06\/detuvieron-a-l-gante-por-amenazas-y-privacion-ilegal-de-la-libertad\/","og_site_name":"Radio Rock and Sports","article_published_time":"2023-06-06T23:41:12+00:00","article_modified_time":"2023-06-06T23:41:13+00:00","og_image":[{"width":1200,"height":675,"url":"http:\/\/rockandsports.com.ar\/wp-content\/uploads\/2023\/06\/l-gante-2jpg.jpg","type":"image\/jpeg"}],"author":"Anna Kanc","twitter_card":"summary_large_image","twitter_misc":{"Written by":"Anna Kanc","Est. reading time":"1 minute"},"schema":{"@context":"https:\/\/schema.org","@graph":[{"@type":"WebPage","@id":"https:\/\/rockandsports.com.ar\/index.php\/2023\/06\/06\/detuvieron-a-l-gante-por-amenazas-y-privacion-ilegal-de-la-libertad\/","url":"https:\/\/rockandsports.com.ar\/index.php\/2023\/06\/06\/detuvieron-a-l-gante-por-amenazas-y-privacion-ilegal-de-la-libertad\/","name":"Detuvieron a L-Gante por \"amenazas\" y \"privaci\u00f3n ilegal de la libertad\" - Radio Rock and Sports","isPartOf":{"@id":"https:\/\/rockandsports.com.ar\/#website"},"datePublished":"2023-06-06T23:41:12+00:00","dateModified":"2023-06-06T23:41:13+00:00","author":{"@id":"https:\/\/rockandsports.com.ar\/#\/schema\/person\/ff5cde372e5c85f371ac6729628997e7"},"breadcrumb":{"@id":"https:\/\/rockandsports.com.ar\/index.php\/2023\/06\/06\/detuvieron-a-l-gante-por-amenazas-y-privacion-ilegal-de-la-libertad\/#breadcrumb"},"inLanguage":"en-US","potentialAction":[{"@type":"ReadAction","target":["https:\/\/rockandsports.com.ar\/index.php\/2023\/06\/06\/detuvieron-a-l-gante-por-amenazas-y-privacion-ilegal-de-la-libertad\/"]}]},{"@type":"BreadcrumbList","@id":"https:\/\/rockandsports.com.ar\/index.php\/2023\/06\/06\/detuvieron-a-l-gante-por-amenazas-y-privacion-ilegal-de-la-libertad\/#breadcrumb","itemListElement":[{"@type":"ListItem","position":1,"name":"Portada","item":"https:\/\/rockandsports.com.ar\/"},{"@type":"ListItem","position":2,"name":"Detuvieron a L-Gante por \u00abamenazas\u00bb y \u00abprivaci\u00f3n ilegal de la libertad\u00bb"}]},{"@type":"WebSite","@id":"https:\/\/rockandsports.com.ar\/#website","url":"https:\/\/rockandsports.com.ar\/","name":"Radio Rock and Sports","description":"","potentialAction":[{"@type":"SearchAction","target":{"@type":"EntryPoint","urlTemplate":"https:\/\/rockandsports.com.ar\/?s={search_term_string}"},"query-input":{"@type":"PropertyValueSpecification","valueRequired":true,"valueName":"search_term_string"}}],"inLanguage":"en-US"},{"@type":"Person","@id":"https:\/\/rockandsports.com.ar\/#\/schema\/person\/ff5cde372e5c85f371ac6729628997e7","name":"Anna Kanc","image":{"@type":"ImageObject","inLanguage":"en-US","@id":"https:\/\/rockandsports.com.ar\/#\/schema\/person\/image\/","url":"https:\/\/secure.gravatar.com\/avatar\/b535b6e36aaf00b9b902a05b64443afa?s=96&d=retro&r=g","contentUrl":"https:\/\/secure.gravatar.com\/avatar\/b535b6e36aaf00b9b902a05b64443afa?s=96&d=retro&r=g","caption":"Anna Kanc"},"url":"https:\/\/rockandsports.com.ar\/index.php\/author\/akanc\/"}]}},"_links":{"self":[{"href":"https:\/\/rockandsports.com.ar\/index.php\/wp-json\/wp\/v2\/posts\/2344","targetHints":{"allow":["GET"]}}],"collection":[{"href":"https:\/\/rockandsports.com.ar\/index.php\/wp-json\/wp\/v2\/posts"}],"about":[{"href":"https:\/\/rockandsports.com.ar\/index.php\/wp-json\/wp\/v2\/types\/post"}],"author":[{"embeddable":true,"href":"https:\/\/rockandsports.com.ar\/index.php\/wp-json\/wp\/v2\/users\/14"}],"replies":[{"embeddable":true,"href":"https:\/\/rockandsports.com.ar\/index.php\/wp-json\/wp\/v2\/comments?post=2344"}],"version-history":[{"count":1,"href":"https:\/\/rockandsports.com.ar\/index.php\/wp-json\/wp\/v2\/posts\/2344\/revisions"}],"predecessor-version":[{"id":2346,"href":"https:\/\/rockandsports.com.ar\/index.php\/wp-json\/wp\/v2\/posts\/2344\/revisions\/2346"}],"wp:attachment":[{"href":"https:\/\/rockandsports.com.ar\/index.php\/wp-json\/wp\/v2\/media?parent=2344"}],"wp:term":[{"taxonomy":"category","embeddable":true,"href":"https:\/\/rockandsports.com.ar\/index.php\/wp-json\/wp\/v2\/categories?post=2344"},{"taxonomy":"post_tag","embeddable":true,"href":"https:\/\/rockandsports.com.ar\/index.php\/wp-json\/wp\/v2\/tags?post=2344"}],"curies":[{"name":"wp","href":"https:\/\/api.w.org\/{rel}","templated":true}]}}