{"id":2325,"date":"2023-06-02T16:35:17","date_gmt":"2023-06-02T16:35:17","guid":{"rendered":"https:\/\/rockandsports.com.ar\/?p=2325"},"modified":"2023-06-02T16:35:18","modified_gmt":"2023-06-02T16:35:18","slug":"juicio-a-sebastian-villa-fue-condenado-a-dos-anos-y-un-mes-de-prision-por-violencia-de-genero","status":"publish","type":"post","link":"https:\/\/rockandsports.com.ar\/index.php\/2023\/06\/02\/juicio-a-sebastian-villa-fue-condenado-a-dos-anos-y-un-mes-de-prision-por-violencia-de-genero\/","title":{"rendered":"Juicio a Sebasti\u00e1n Villa: fue condenado a dos a\u00f1os y un mes de prisi\u00f3n por violencia de g\u00e9nero"},"content":{"rendered":"\n<p>El Tribunal de Lomas de Zamora conden\u00f3 al futbolista de <strong>Boca Juniors<\/strong> <strong>Sebasti\u00e1n Villa<\/strong> a dos a\u00f1os y un mes de prisi\u00f3n en el juicio por violencia de g\u00e9nero tras ser denunciado en abril de 2020 por su expareja Daniela Cort\u00e9s.<\/p>\n\n\n\n<p>Adem\u00e1s, deber\u00e1 someterse a un tratamiento y participar de talleres enfocados a erradicr la violencia contra las mujeres. As\u00ed lo estableci\u00f3 este viernes la jueza Claudia D\u00e1valos, del Juzgado Correccional 2 del citado departamento judicial, durante la lectura del veredicto de este mediod\u00eda.<\/p>\n\n\n\n<p>En su alegato, el fiscal de juicio, Sergio Anauati, hab\u00eda solicitado que el futbolista fuera condenado a la pena de dos a\u00f1os y tres meses de prisi\u00f3n de cumplimiento condicional.El delantero de Boca Juniors est\u00e1 imputado por el delito de &#8220;lesiones leves agravadas por el v\u00ednculo y por mediar violencia de g\u00e9nero y amenazas coactivas&#8221; en perjuicio de Cort\u00e9s.La denuncia penal contra Sebasti\u00e1n Villa por violencia de g\u00e9neroEn su denuncia, Daniela Cort\u00e9s -que declar\u00f3 en el juicio de manera virtual desde Colombia-, cont\u00f3 que mantuvo una fuerte discusi\u00f3n con Villa y que \u00e9l reaccion\u00f3 d\u00e1ndole un pu\u00f1etazo que la dej\u00f3 indefensa en el piso, y que luego sigui\u00f3 agredi\u00e9ndola con patadas. Asegur\u00f3, adem\u00e1s, que no fue un hecho aislado y que Villa hab\u00eda repetido varias manifestaciones de violencia f\u00edsica y psicol\u00f3gica.<\/p>\n\n\n\n<p>La Fiscal\u00eda a cargo de Sergio Anauati pidi\u00f3 a la jueza que condene al jugador a dos a\u00f1os y tres meses de prisi\u00f3n de ejecuci\u00f3n condicional al dar por &#8220;acreditados los hechos&#8221; que se imputan al futbolista, encuadrados en los delitos de &#8220;lesiones leves agravadas por el v\u00ednculo y por mediar violencia de g\u00e9nero de un hombre hacia una mujer con amenazas coactivas.<\/p>\n","protected":false},"excerpt":{"rendered":"<p>El Tribunal de Lomas de Zamora conden\u00f3 al futbolista de Boca Juniors Sebasti\u00e1n Villa a dos a\u00f1os y un mes<\/p>\n","protected":false},"author":14,"featured_media":0,"comment_status":"open","ping_status":"open","sticky":false,"template":"","format":"standard","meta":{"footnotes":""},"categories":[4,8],"tags":[22,217,218],"class_list":["post-2325","post","type-post","status-publish","format-standard","hentry","category-deporte","category-futbol","tag-boca-juniors","tag-sebastian-villa","tag-violencia-de-genero"],"yoast_head":"<!-- This site is optimized with the Yoast SEO plugin v23.8 - https:\/\/yoast.com\/wordpress\/plugins\/seo\/ -->\n<title>Juicio a Sebasti\u00e1n Villa: fue condenado a dos a\u00f1os y un mes de prisi\u00f3n por violencia de g\u00e9nero - Radio Rock and Sports<\/title>\n<meta name=\"robots\" content=\"index, follow, max-snippet:-1, max-image-preview:large, max-video-preview:-1\" \/>\n<link rel=\"canonical\" href=\"https:\/\/rockandsports.com.ar\/index.php\/2023\/06\/02\/juicio-a-sebastian-villa-fue-condenado-a-dos-anos-y-un-mes-de-prision-por-violencia-de-genero\/\" \/>\n<meta property=\"og:locale\" content=\"en_US\" \/>\n<meta property=\"og:type\" content=\"article\" \/>\n<meta property=\"og:title\" content=\"Juicio a Sebasti\u00e1n Villa: fue condenado a dos a\u00f1os y un mes de prisi\u00f3n por violencia de g\u00e9nero - Radio Rock and Sports\" \/>\n<meta property=\"og:description\" content=\"El Tribunal de Lomas de Zamora conden\u00f3 al futbolista de Boca Juniors Sebasti\u00e1n Villa a dos a\u00f1os y un mes\" \/>\n<meta property=\"og:url\" content=\"https:\/\/rockandsports.com.ar\/index.php\/2023\/06\/02\/juicio-a-sebastian-villa-fue-condenado-a-dos-anos-y-un-mes-de-prision-por-violencia-de-genero\/\" \/>\n<meta property=\"og:site_name\" content=\"Radio Rock and Sports\" \/>\n<meta property=\"article:published_time\" content=\"2023-06-02T16:35:17+00:00\" \/>\n<meta property=\"article:modified_time\" content=\"2023-06-02T16:35:18+00:00\" \/>\n<meta property=\"og:image\" content=\"http:\/\/rockandsports.com.ar\/wp-content\/uploads\/2023\/06\/sebastian-villa_416x234.webp\" \/>\n\t<meta property=\"og:image:width\" content=\"416\" \/>\n\t<meta property=\"og:image:height\" content=\"234\" \/>\n\t<meta property=\"og:image:type\" content=\"image\/webp\" \/>\n<meta name=\"author\" content=\"Anna Kanc\" \/>\n<meta name=\"twitter:card\" content=\"summary_large_image\" \/>\n<meta name=\"twitter:label1\" content=\"Written by\" \/>\n\t<meta name=\"twitter:data1\" content=\"Anna Kanc\" \/>\n\t<meta name=\"twitter:label2\" content=\"Est. reading time\" \/>\n\t<meta name=\"twitter:data2\" content=\"2 minutes\" \/>\n<script type=\"application\/ld+json\" class=\"yoast-schema-graph\">{\"@context\":\"https:\/\/schema.org\",\"@graph\":[{\"@type\":\"WebPage\",\"@id\":\"https:\/\/rockandsports.com.ar\/index.php\/2023\/06\/02\/juicio-a-sebastian-villa-fue-condenado-a-dos-anos-y-un-mes-de-prision-por-violencia-de-genero\/\",\"url\":\"https:\/\/rockandsports.com.ar\/index.php\/2023\/06\/02\/juicio-a-sebastian-villa-fue-condenado-a-dos-anos-y-un-mes-de-prision-por-violencia-de-genero\/\",\"name\":\"Juicio a Sebasti\u00e1n Villa: fue condenado a dos a\u00f1os y un mes de prisi\u00f3n por violencia de g\u00e9nero - Radio Rock and Sports\",\"isPartOf\":{\"@id\":\"https:\/\/rockandsports.com.ar\/#website\"},\"datePublished\":\"2023-06-02T16:35:17+00:00\",\"dateModified\":\"2023-06-02T16:35:18+00:00\",\"author\":{\"@id\":\"https:\/\/rockandsports.com.ar\/#\/schema\/person\/ff5cde372e5c85f371ac6729628997e7\"},\"breadcrumb\":{\"@id\":\"https:\/\/rockandsports.com.ar\/index.php\/2023\/06\/02\/juicio-a-sebastian-villa-fue-condenado-a-dos-anos-y-un-mes-de-prision-por-violencia-de-genero\/#breadcrumb\"},\"inLanguage\":\"en-US\",\"potentialAction\":[{\"@type\":\"ReadAction\",\"target\":[\"https:\/\/rockandsports.com.ar\/index.php\/2023\/06\/02\/juicio-a-sebastian-villa-fue-condenado-a-dos-anos-y-un-mes-de-prision-por-violencia-de-genero\/\"]}]},{\"@type\":\"BreadcrumbList\",\"@id\":\"https:\/\/rockandsports.com.ar\/index.php\/2023\/06\/02\/juicio-a-sebastian-villa-fue-condenado-a-dos-anos-y-un-mes-de-prision-por-violencia-de-genero\/#breadcrumb\",\"itemListElement\":[{\"@type\":\"ListItem\",\"position\":1,\"name\":\"Portada\",\"item\":\"https:\/\/rockandsports.com.ar\/\"},{\"@type\":\"ListItem\",\"position\":2,\"name\":\"Juicio a Sebasti\u00e1n Villa: fue condenado a dos a\u00f1os y un mes de prisi\u00f3n por violencia de g\u00e9nero\"}]},{\"@type\":\"WebSite\",\"@id\":\"https:\/\/rockandsports.com.ar\/#website\",\"url\":\"https:\/\/rockandsports.com.ar\/\",\"name\":\"Radio Rock and Sports\",\"description\":\"\",\"potentialAction\":[{\"@type\":\"SearchAction\",\"target\":{\"@type\":\"EntryPoint\",\"urlTemplate\":\"https:\/\/rockandsports.com.ar\/?s={search_term_string}\"},\"query-input\":{\"@type\":\"PropertyValueSpecification\",\"valueRequired\":true,\"valueName\":\"search_term_string\"}}],\"inLanguage\":\"en-US\"},{\"@type\":\"Person\",\"@id\":\"https:\/\/rockandsports.com.ar\/#\/schema\/person\/ff5cde372e5c85f371ac6729628997e7\",\"name\":\"Anna Kanc\",\"image\":{\"@type\":\"ImageObject\",\"inLanguage\":\"en-US\",\"@id\":\"https:\/\/rockandsports.com.ar\/#\/schema\/person\/image\/\",\"url\":\"https:\/\/secure.gravatar.com\/avatar\/b535b6e36aaf00b9b902a05b64443afa?s=96&d=retro&r=g\",\"contentUrl\":\"https:\/\/secure.gravatar.com\/avatar\/b535b6e36aaf00b9b902a05b64443afa?s=96&d=retro&r=g\",\"caption\":\"Anna Kanc\"},\"url\":\"https:\/\/rockandsports.com.ar\/index.php\/author\/akanc\/\"}]}<\/script>\n<!-- \/ Yoast SEO plugin. -->","yoast_head_json":{"title":"Juicio a Sebasti\u00e1n Villa: fue condenado a dos a\u00f1os y un mes de prisi\u00f3n por violencia de g\u00e9nero - Radio Rock and Sports","robots":{"index":"index","follow":"follow","max-snippet":"max-snippet:-1","max-image-preview":"max-image-preview:large","max-video-preview":"max-video-preview:-1"},"canonical":"https:\/\/rockandsports.com.ar\/index.php\/2023\/06\/02\/juicio-a-sebastian-villa-fue-condenado-a-dos-anos-y-un-mes-de-prision-por-violencia-de-genero\/","og_locale":"en_US","og_type":"article","og_title":"Juicio a Sebasti\u00e1n Villa: fue condenado a dos a\u00f1os y un mes de prisi\u00f3n por violencia de g\u00e9nero - Radio Rock and Sports","og_description":"El Tribunal de Lomas de Zamora conden\u00f3 al futbolista de Boca Juniors Sebasti\u00e1n Villa a dos a\u00f1os y un mes","og_url":"https:\/\/rockandsports.com.ar\/index.php\/2023\/06\/02\/juicio-a-sebastian-villa-fue-condenado-a-dos-anos-y-un-mes-de-prision-por-violencia-de-genero\/","og_site_name":"Radio Rock and Sports","article_published_time":"2023-06-02T16:35:17+00:00","article_modified_time":"2023-06-02T16:35:18+00:00","og_image":[{"width":416,"height":234,"url":"http:\/\/rockandsports.com.ar\/wp-content\/uploads\/2023\/06\/sebastian-villa_416x234.webp","type":"image\/webp"}],"author":"Anna Kanc","twitter_card":"summary_large_image","twitter_misc":{"Written by":"Anna Kanc","Est. reading time":"2 minutes"},"schema":{"@context":"https:\/\/schema.org","@graph":[{"@type":"WebPage","@id":"https:\/\/rockandsports.com.ar\/index.php\/2023\/06\/02\/juicio-a-sebastian-villa-fue-condenado-a-dos-anos-y-un-mes-de-prision-por-violencia-de-genero\/","url":"https:\/\/rockandsports.com.ar\/index.php\/2023\/06\/02\/juicio-a-sebastian-villa-fue-condenado-a-dos-anos-y-un-mes-de-prision-por-violencia-de-genero\/","name":"Juicio a Sebasti\u00e1n Villa: fue condenado a dos a\u00f1os y un mes de prisi\u00f3n por violencia de g\u00e9nero - Radio Rock and Sports","isPartOf":{"@id":"https:\/\/rockandsports.com.ar\/#website"},"datePublished":"2023-06-02T16:35:17+00:00","dateModified":"2023-06-02T16:35:18+00:00","author":{"@id":"https:\/\/rockandsports.com.ar\/#\/schema\/person\/ff5cde372e5c85f371ac6729628997e7"},"breadcrumb":{"@id":"https:\/\/rockandsports.com.ar\/index.php\/2023\/06\/02\/juicio-a-sebastian-villa-fue-condenado-a-dos-anos-y-un-mes-de-prision-por-violencia-de-genero\/#breadcrumb"},"inLanguage":"en-US","potentialAction":[{"@type":"ReadAction","target":["https:\/\/rockandsports.com.ar\/index.php\/2023\/06\/02\/juicio-a-sebastian-villa-fue-condenado-a-dos-anos-y-un-mes-de-prision-por-violencia-de-genero\/"]}]},{"@type":"BreadcrumbList","@id":"https:\/\/rockandsports.com.ar\/index.php\/2023\/06\/02\/juicio-a-sebastian-villa-fue-condenado-a-dos-anos-y-un-mes-de-prision-por-violencia-de-genero\/#breadcrumb","itemListElement":[{"@type":"ListItem","position":1,"name":"Portada","item":"https:\/\/rockandsports.com.ar\/"},{"@type":"ListItem","position":2,"name":"Juicio a Sebasti\u00e1n Villa: fue condenado a dos a\u00f1os y un mes de prisi\u00f3n por violencia de g\u00e9nero"}]},{"@type":"WebSite","@id":"https:\/\/rockandsports.com.ar\/#website","url":"https:\/\/rockandsports.com.ar\/","name":"Radio Rock and Sports","description":"","potentialAction":[{"@type":"SearchAction","target":{"@type":"EntryPoint","urlTemplate":"https:\/\/rockandsports.com.ar\/?s={search_term_string}"},"query-input":{"@type":"PropertyValueSpecification","valueRequired":true,"valueName":"search_term_string"}}],"inLanguage":"en-US"},{"@type":"Person","@id":"https:\/\/rockandsports.com.ar\/#\/schema\/person\/ff5cde372e5c85f371ac6729628997e7","name":"Anna Kanc","image":{"@type":"ImageObject","inLanguage":"en-US","@id":"https:\/\/rockandsports.com.ar\/#\/schema\/person\/image\/","url":"https:\/\/secure.gravatar.com\/avatar\/b535b6e36aaf00b9b902a05b64443afa?s=96&d=retro&r=g","contentUrl":"https:\/\/secure.gravatar.com\/avatar\/b535b6e36aaf00b9b902a05b64443afa?s=96&d=retro&r=g","caption":"Anna Kanc"},"url":"https:\/\/rockandsports.com.ar\/index.php\/author\/akanc\/"}]}},"_links":{"self":[{"href":"https:\/\/rockandsports.com.ar\/index.php\/wp-json\/wp\/v2\/posts\/2325","targetHints":{"allow":["GET"]}}],"collection":[{"href":"https:\/\/rockandsports.com.ar\/index.php\/wp-json\/wp\/v2\/posts"}],"about":[{"href":"https:\/\/rockandsports.com.ar\/index.php\/wp-json\/wp\/v2\/types\/post"}],"author":[{"embeddable":true,"href":"https:\/\/rockandsports.com.ar\/index.php\/wp-json\/wp\/v2\/users\/14"}],"replies":[{"embeddable":true,"href":"https:\/\/rockandsports.com.ar\/index.php\/wp-json\/wp\/v2\/comments?post=2325"}],"version-history":[{"count":1,"href":"https:\/\/rockandsports.com.ar\/index.php\/wp-json\/wp\/v2\/posts\/2325\/revisions"}],"predecessor-version":[{"id":2327,"href":"https:\/\/rockandsports.com.ar\/index.php\/wp-json\/wp\/v2\/posts\/2325\/revisions\/2327"}],"wp:attachment":[{"href":"https:\/\/rockandsports.com.ar\/index.php\/wp-json\/wp\/v2\/media?parent=2325"}],"wp:term":[{"taxonomy":"category","embeddable":true,"href":"https:\/\/rockandsports.com.ar\/index.php\/wp-json\/wp\/v2\/categories?post=2325"},{"taxonomy":"post_tag","embeddable":true,"href":"https:\/\/rockandsports.com.ar\/index.php\/wp-json\/wp\/v2\/tags?post=2325"}],"curies":[{"name":"wp","href":"https:\/\/api.w.org\/{rel}","templated":true}]}}