{"id":2317,"date":"2023-06-01T20:22:37","date_gmt":"2023-06-01T20:22:37","guid":{"rendered":"https:\/\/rockandsports.com.ar\/?p=2317"},"modified":"2023-06-01T20:22:49","modified_gmt":"2023-06-01T20:22:49","slug":"magali-vilches-la-nueva-cara-de-quimsa","status":"publish","type":"post","link":"https:\/\/rockandsports.com.ar\/index.php\/2023\/06\/01\/magali-vilches-la-nueva-cara-de-quimsa\/","title":{"rendered":"Magal\u00ed Vilches la nueva cara de Quimsa"},"content":{"rendered":"\n<p>La Ala pivot de 21 a\u00f1os y 1.82 metros se suma a las fusionadas de cara al Final 4 de La Liga Sudamericana a disputarse en Santiago del Estero el 10 y 11 de junio.<\/p>\n\n\n\n<p>Vilches tiene 21 a\u00f1os y viene de jugar en el CB Lleida de la LF2 en Espa\u00f1a con un promedio de 8.2 puntos y 5.8 rebotes. La de Capital Federal tambi\u00e9n jug\u00f3 en el CD Magec de Espa\u00f1a, V\u00e9lez, Centro Galicia y visti\u00f3 la camiseta de la selecci\u00f3n Argentina adem\u00e1s de participar en el B\u00e1squet sin fronteras de la NBA.<\/p>\n\n\n\n<figure class=\"wp-block-image size-large\"><img decoding=\"async\" src=\"https:\/\/rockandsports.com.ar\/wp-content\/uploads\/2023\/06\/34d1c05c-b4ed-448b-b056-5065109309ab-819x1024.jpg\" class=\"wp-image-2315\" \/><\/figure>\n\n\n\n<p>La jugadora se estar\u00e1 sumando en breve al plantel fusionado dirigido por Dami\u00e1n Sayago que tendr\u00e1 su semifinal sudamericana el s\u00e1bado 10 de junio ante Indeportes de Colombia.<\/p>\n","protected":false},"excerpt":{"rendered":"<p>La Ala pivot de 21 a\u00f1os y 1.82 metros se suma a las fusionadas de cara al Final 4 de<\/p>\n","protected":false},"author":4,"featured_media":0,"comment_status":"open","ping_status":"open","sticky":false,"template":"","format":"standard","meta":{"footnotes":""},"categories":[5,4,6],"tags":[48,75],"class_list":["post-2317","post","type-post","status-publish","format-standard","hentry","category-basket","category-deporte","category-noticias","tag-basquet","tag-quimsa"],"yoast_head":"<!-- This site is optimized with the Yoast SEO plugin v23.8 - https:\/\/yoast.com\/wordpress\/plugins\/seo\/ -->\n<title>Magal\u00ed Vilches la nueva cara de Quimsa - Radio Rock and Sports<\/title>\n<meta name=\"robots\" content=\"index, follow, max-snippet:-1, max-image-preview:large, max-video-preview:-1\" \/>\n<link rel=\"canonical\" href=\"https:\/\/rockandsports.com.ar\/index.php\/2023\/06\/01\/magali-vilches-la-nueva-cara-de-quimsa\/\" \/>\n<meta property=\"og:locale\" content=\"en_US\" \/>\n<meta property=\"og:type\" content=\"article\" \/>\n<meta property=\"og:title\" content=\"Magal\u00ed Vilches la nueva cara de Quimsa - Radio Rock and Sports\" \/>\n<meta property=\"og:description\" content=\"La Ala pivot de 21 a\u00f1os y 1.82 metros se suma a las fusionadas de cara al Final 4 de\" \/>\n<meta property=\"og:url\" content=\"https:\/\/rockandsports.com.ar\/index.php\/2023\/06\/01\/magali-vilches-la-nueva-cara-de-quimsa\/\" \/>\n<meta property=\"og:site_name\" content=\"Radio Rock and Sports\" \/>\n<meta property=\"article:published_time\" content=\"2023-06-01T20:22:37+00:00\" \/>\n<meta property=\"article:modified_time\" content=\"2023-06-01T20:22:49+00:00\" \/>\n<meta property=\"og:image\" content=\"https:\/\/rockandsports.com.ar\/wp-content\/uploads\/2023\/06\/d4632647-de54-44e2-ab11-80c0876d29a3.jpg\" \/>\n\t<meta property=\"og:image:width\" content=\"1080\" \/>\n\t<meta property=\"og:image:height\" content=\"703\" \/>\n\t<meta property=\"og:image:type\" content=\"image\/jpeg\" \/>\n<meta name=\"author\" content=\"Martin Campo\" \/>\n<meta name=\"twitter:card\" content=\"summary_large_image\" \/>\n<meta name=\"twitter:label1\" content=\"Written by\" \/>\n\t<meta name=\"twitter:data1\" content=\"Martin Campo\" \/>\n\t<meta name=\"twitter:label2\" content=\"Est. reading time\" \/>\n\t<meta name=\"twitter:data2\" content=\"1 minute\" \/>\n<script type=\"application\/ld+json\" class=\"yoast-schema-graph\">{\"@context\":\"https:\/\/schema.org\",\"@graph\":[{\"@type\":\"WebPage\",\"@id\":\"https:\/\/rockandsports.com.ar\/index.php\/2023\/06\/01\/magali-vilches-la-nueva-cara-de-quimsa\/\",\"url\":\"https:\/\/rockandsports.com.ar\/index.php\/2023\/06\/01\/magali-vilches-la-nueva-cara-de-quimsa\/\",\"name\":\"Magal\u00ed Vilches la nueva cara de Quimsa - Radio Rock and Sports\",\"isPartOf\":{\"@id\":\"https:\/\/rockandsports.com.ar\/#website\"},\"primaryImageOfPage\":{\"@id\":\"https:\/\/rockandsports.com.ar\/index.php\/2023\/06\/01\/magali-vilches-la-nueva-cara-de-quimsa\/#primaryimage\"},\"image\":{\"@id\":\"https:\/\/rockandsports.com.ar\/index.php\/2023\/06\/01\/magali-vilches-la-nueva-cara-de-quimsa\/#primaryimage\"},\"thumbnailUrl\":\"https:\/\/rockandsports.com.ar\/wp-content\/uploads\/2023\/06\/34d1c05c-b4ed-448b-b056-5065109309ab-819x1024.jpg\",\"datePublished\":\"2023-06-01T20:22:37+00:00\",\"dateModified\":\"2023-06-01T20:22:49+00:00\",\"author\":{\"@id\":\"https:\/\/rockandsports.com.ar\/#\/schema\/person\/b8fe5cae2a04cbff6a8561d60ee04157\"},\"breadcrumb\":{\"@id\":\"https:\/\/rockandsports.com.ar\/index.php\/2023\/06\/01\/magali-vilches-la-nueva-cara-de-quimsa\/#breadcrumb\"},\"inLanguage\":\"en-US\",\"potentialAction\":[{\"@type\":\"ReadAction\",\"target\":[\"https:\/\/rockandsports.com.ar\/index.php\/2023\/06\/01\/magali-vilches-la-nueva-cara-de-quimsa\/\"]}]},{\"@type\":\"ImageObject\",\"inLanguage\":\"en-US\",\"@id\":\"https:\/\/rockandsports.com.ar\/index.php\/2023\/06\/01\/magali-vilches-la-nueva-cara-de-quimsa\/#primaryimage\",\"url\":\"https:\/\/rockandsports.com.ar\/wp-content\/uploads\/2023\/06\/34d1c05c-b4ed-448b-b056-5065109309ab-819x1024.jpg\",\"contentUrl\":\"https:\/\/rockandsports.com.ar\/wp-content\/uploads\/2023\/06\/34d1c05c-b4ed-448b-b056-5065109309ab-819x1024.jpg\"},{\"@type\":\"BreadcrumbList\",\"@id\":\"https:\/\/rockandsports.com.ar\/index.php\/2023\/06\/01\/magali-vilches-la-nueva-cara-de-quimsa\/#breadcrumb\",\"itemListElement\":[{\"@type\":\"ListItem\",\"position\":1,\"name\":\"Portada\",\"item\":\"https:\/\/rockandsports.com.ar\/\"},{\"@type\":\"ListItem\",\"position\":2,\"name\":\"Magal\u00ed Vilches la nueva cara de Quimsa\"}]},{\"@type\":\"WebSite\",\"@id\":\"https:\/\/rockandsports.com.ar\/#website\",\"url\":\"https:\/\/rockandsports.com.ar\/\",\"name\":\"Radio Rock and Sports\",\"description\":\"\",\"potentialAction\":[{\"@type\":\"SearchAction\",\"target\":{\"@type\":\"EntryPoint\",\"urlTemplate\":\"https:\/\/rockandsports.com.ar\/?s={search_term_string}\"},\"query-input\":{\"@type\":\"PropertyValueSpecification\",\"valueRequired\":true,\"valueName\":\"search_term_string\"}}],\"inLanguage\":\"en-US\"},{\"@type\":\"Person\",\"@id\":\"https:\/\/rockandsports.com.ar\/#\/schema\/person\/b8fe5cae2a04cbff6a8561d60ee04157\",\"name\":\"Martin Campo\",\"image\":{\"@type\":\"ImageObject\",\"inLanguage\":\"en-US\",\"@id\":\"https:\/\/rockandsports.com.ar\/#\/schema\/person\/image\/\",\"url\":\"https:\/\/secure.gravatar.com\/avatar\/223cfe0932b36f81a912f199fd08a6fe?s=96&d=retro&r=g\",\"contentUrl\":\"https:\/\/secure.gravatar.com\/avatar\/223cfe0932b36f81a912f199fd08a6fe?s=96&d=retro&r=g\",\"caption\":\"Martin Campo\"},\"url\":\"https:\/\/rockandsports.com.ar\/index.php\/author\/mcampo\/\"}]}<\/script>\n<!-- \/ Yoast SEO plugin. -->","yoast_head_json":{"title":"Magal\u00ed Vilches la nueva cara de Quimsa - Radio Rock and Sports","robots":{"index":"index","follow":"follow","max-snippet":"max-snippet:-1","max-image-preview":"max-image-preview:large","max-video-preview":"max-video-preview:-1"},"canonical":"https:\/\/rockandsports.com.ar\/index.php\/2023\/06\/01\/magali-vilches-la-nueva-cara-de-quimsa\/","og_locale":"en_US","og_type":"article","og_title":"Magal\u00ed Vilches la nueva cara de Quimsa - Radio Rock and Sports","og_description":"La Ala pivot de 21 a\u00f1os y 1.82 metros se suma a las fusionadas de cara al Final 4 de","og_url":"https:\/\/rockandsports.com.ar\/index.php\/2023\/06\/01\/magali-vilches-la-nueva-cara-de-quimsa\/","og_site_name":"Radio Rock and Sports","article_published_time":"2023-06-01T20:22:37+00:00","article_modified_time":"2023-06-01T20:22:49+00:00","og_image":[{"width":1080,"height":703,"url":"https:\/\/rockandsports.com.ar\/wp-content\/uploads\/2023\/06\/d4632647-de54-44e2-ab11-80c0876d29a3.jpg","type":"image\/jpeg"}],"author":"Martin Campo","twitter_card":"summary_large_image","twitter_misc":{"Written by":"Martin Campo","Est. reading time":"1 minute"},"schema":{"@context":"https:\/\/schema.org","@graph":[{"@type":"WebPage","@id":"https:\/\/rockandsports.com.ar\/index.php\/2023\/06\/01\/magali-vilches-la-nueva-cara-de-quimsa\/","url":"https:\/\/rockandsports.com.ar\/index.php\/2023\/06\/01\/magali-vilches-la-nueva-cara-de-quimsa\/","name":"Magal\u00ed Vilches la nueva cara de Quimsa - Radio Rock and Sports","isPartOf":{"@id":"https:\/\/rockandsports.com.ar\/#website"},"primaryImageOfPage":{"@id":"https:\/\/rockandsports.com.ar\/index.php\/2023\/06\/01\/magali-vilches-la-nueva-cara-de-quimsa\/#primaryimage"},"image":{"@id":"https:\/\/rockandsports.com.ar\/index.php\/2023\/06\/01\/magali-vilches-la-nueva-cara-de-quimsa\/#primaryimage"},"thumbnailUrl":"https:\/\/rockandsports.com.ar\/wp-content\/uploads\/2023\/06\/34d1c05c-b4ed-448b-b056-5065109309ab-819x1024.jpg","datePublished":"2023-06-01T20:22:37+00:00","dateModified":"2023-06-01T20:22:49+00:00","author":{"@id":"https:\/\/rockandsports.com.ar\/#\/schema\/person\/b8fe5cae2a04cbff6a8561d60ee04157"},"breadcrumb":{"@id":"https:\/\/rockandsports.com.ar\/index.php\/2023\/06\/01\/magali-vilches-la-nueva-cara-de-quimsa\/#breadcrumb"},"inLanguage":"en-US","potentialAction":[{"@type":"ReadAction","target":["https:\/\/rockandsports.com.ar\/index.php\/2023\/06\/01\/magali-vilches-la-nueva-cara-de-quimsa\/"]}]},{"@type":"ImageObject","inLanguage":"en-US","@id":"https:\/\/rockandsports.com.ar\/index.php\/2023\/06\/01\/magali-vilches-la-nueva-cara-de-quimsa\/#primaryimage","url":"https:\/\/rockandsports.com.ar\/wp-content\/uploads\/2023\/06\/34d1c05c-b4ed-448b-b056-5065109309ab-819x1024.jpg","contentUrl":"https:\/\/rockandsports.com.ar\/wp-content\/uploads\/2023\/06\/34d1c05c-b4ed-448b-b056-5065109309ab-819x1024.jpg"},{"@type":"BreadcrumbList","@id":"https:\/\/rockandsports.com.ar\/index.php\/2023\/06\/01\/magali-vilches-la-nueva-cara-de-quimsa\/#breadcrumb","itemListElement":[{"@type":"ListItem","position":1,"name":"Portada","item":"https:\/\/rockandsports.com.ar\/"},{"@type":"ListItem","position":2,"name":"Magal\u00ed Vilches la nueva cara de Quimsa"}]},{"@type":"WebSite","@id":"https:\/\/rockandsports.com.ar\/#website","url":"https:\/\/rockandsports.com.ar\/","name":"Radio Rock and Sports","description":"","potentialAction":[{"@type":"SearchAction","target":{"@type":"EntryPoint","urlTemplate":"https:\/\/rockandsports.com.ar\/?s={search_term_string}"},"query-input":{"@type":"PropertyValueSpecification","valueRequired":true,"valueName":"search_term_string"}}],"inLanguage":"en-US"},{"@type":"Person","@id":"https:\/\/rockandsports.com.ar\/#\/schema\/person\/b8fe5cae2a04cbff6a8561d60ee04157","name":"Martin Campo","image":{"@type":"ImageObject","inLanguage":"en-US","@id":"https:\/\/rockandsports.com.ar\/#\/schema\/person\/image\/","url":"https:\/\/secure.gravatar.com\/avatar\/223cfe0932b36f81a912f199fd08a6fe?s=96&d=retro&r=g","contentUrl":"https:\/\/secure.gravatar.com\/avatar\/223cfe0932b36f81a912f199fd08a6fe?s=96&d=retro&r=g","caption":"Martin Campo"},"url":"https:\/\/rockandsports.com.ar\/index.php\/author\/mcampo\/"}]}},"_links":{"self":[{"href":"https:\/\/rockandsports.com.ar\/index.php\/wp-json\/wp\/v2\/posts\/2317","targetHints":{"allow":["GET"]}}],"collection":[{"href":"https:\/\/rockandsports.com.ar\/index.php\/wp-json\/wp\/v2\/posts"}],"about":[{"href":"https:\/\/rockandsports.com.ar\/index.php\/wp-json\/wp\/v2\/types\/post"}],"author":[{"embeddable":true,"href":"https:\/\/rockandsports.com.ar\/index.php\/wp-json\/wp\/v2\/users\/4"}],"replies":[{"embeddable":true,"href":"https:\/\/rockandsports.com.ar\/index.php\/wp-json\/wp\/v2\/comments?post=2317"}],"version-history":[{"count":1,"href":"https:\/\/rockandsports.com.ar\/index.php\/wp-json\/wp\/v2\/posts\/2317\/revisions"}],"predecessor-version":[{"id":2318,"href":"https:\/\/rockandsports.com.ar\/index.php\/wp-json\/wp\/v2\/posts\/2317\/revisions\/2318"}],"wp:attachment":[{"href":"https:\/\/rockandsports.com.ar\/index.php\/wp-json\/wp\/v2\/media?parent=2317"}],"wp:term":[{"taxonomy":"category","embeddable":true,"href":"https:\/\/rockandsports.com.ar\/index.php\/wp-json\/wp\/v2\/categories?post=2317"},{"taxonomy":"post_tag","embeddable":true,"href":"https:\/\/rockandsports.com.ar\/index.php\/wp-json\/wp\/v2\/tags?post=2317"}],"curies":[{"name":"wp","href":"https:\/\/api.w.org\/{rel}","templated":true}]}}