{"id":1481,"date":"2023-04-25T13:23:08","date_gmt":"2023-04-25T13:23:08","guid":{"rendered":"https:\/\/rockandsports.com.ar\/?p=1481"},"modified":"2023-04-25T13:23:08","modified_gmt":"2023-04-25T13:23:08","slug":"olimpico-comenzo-con-el-pie-izquierdo-la-serie-de-reclasificacion","status":"publish","type":"post","link":"https:\/\/rockandsports.com.ar\/index.php\/2023\/04\/25\/olimpico-comenzo-con-el-pie-izquierdo-la-serie-de-reclasificacion\/","title":{"rendered":"Ol\u00edmpico comenz\u00f3 con el pie izquierdo la serie de reclasificaci\u00f3n"},"content":{"rendered":"\n<p>Riachuelo de La Rioja consigui\u00f3 una gran victoria por 89-73 ante Ol\u00edmpico en el primer juego de la serie de reclasificaci\u00f3n de la Liga Nacional de B\u00e1squet.<\/p>\n\n\n\n<p>En un encuentro con gran marco de publico en el Vicente Rosales, Ol\u00edmpico no pudo frente al equipo que dirige Sebasti\u00e1n Gonz\u00e1lez, fue un partido parejo tanto en el marcador como en el juego, pero los de Riachuelo con mucha intensidad, juego desde el per\u00edmetro y en la zona pintada pudo sacar la ventaja necesaria para quedarse con el primer juego de la serie.<\/p>\n\n\n\n<p>Los goleadores del encuentro fueron Tabares 15 pts y Paletta14 pts.<\/p>\n\n\n\n<p>El mi\u00e9rcoles a las 22 ser\u00e1 el segundo juego en el Vicente Rosales.<\/p>\n","protected":false},"excerpt":{"rendered":"<p>Riachuelo de La Rioja consigui\u00f3 una gran victoria por 89-73 ante Ol\u00edmpico en el primer juego de la serie de<\/p>\n","protected":false},"author":4,"featured_media":0,"comment_status":"open","ping_status":"open","sticky":false,"template":"","format":"standard","meta":{"footnotes":""},"categories":[5,4,6],"tags":[48,49],"class_list":["post-1481","post","type-post","status-publish","format-standard","hentry","category-basket","category-deporte","category-noticias","tag-basquet","tag-olimpico"],"yoast_head":"<!-- This site is optimized with the Yoast SEO plugin v23.8 - https:\/\/yoast.com\/wordpress\/plugins\/seo\/ -->\n<title>Ol\u00edmpico comenz\u00f3 con el pie izquierdo la serie de reclasificaci\u00f3n - Radio Rock and Sports<\/title>\n<meta name=\"robots\" content=\"index, follow, max-snippet:-1, max-image-preview:large, max-video-preview:-1\" \/>\n<link rel=\"canonical\" href=\"https:\/\/rockandsports.com.ar\/index.php\/2023\/04\/25\/olimpico-comenzo-con-el-pie-izquierdo-la-serie-de-reclasificacion\/\" \/>\n<meta property=\"og:locale\" content=\"en_US\" \/>\n<meta property=\"og:type\" content=\"article\" \/>\n<meta property=\"og:title\" content=\"Ol\u00edmpico comenz\u00f3 con el pie izquierdo la serie de reclasificaci\u00f3n - Radio Rock and Sports\" \/>\n<meta property=\"og:description\" content=\"Riachuelo de La Rioja consigui\u00f3 una gran victoria por 89-73 ante Ol\u00edmpico en el primer juego de la serie de\" \/>\n<meta property=\"og:url\" content=\"https:\/\/rockandsports.com.ar\/index.php\/2023\/04\/25\/olimpico-comenzo-con-el-pie-izquierdo-la-serie-de-reclasificacion\/\" \/>\n<meta property=\"og:site_name\" content=\"Radio Rock and Sports\" \/>\n<meta property=\"article:published_time\" content=\"2023-04-25T13:23:08+00:00\" \/>\n<meta property=\"og:image\" content=\"http:\/\/rockandsports.com.ar\/wp-content\/uploads\/2023\/04\/FuhyO03WwAAcb0g.jpg\" \/>\n\t<meta property=\"og:image:width\" content=\"1024\" \/>\n\t<meta property=\"og:image:height\" content=\"682\" \/>\n\t<meta property=\"og:image:type\" content=\"image\/jpeg\" \/>\n<meta name=\"author\" content=\"Martin Campo\" \/>\n<meta name=\"twitter:card\" content=\"summary_large_image\" \/>\n<meta name=\"twitter:label1\" content=\"Written by\" \/>\n\t<meta name=\"twitter:data1\" content=\"Martin Campo\" \/>\n\t<meta name=\"twitter:label2\" content=\"Est. reading time\" \/>\n\t<meta name=\"twitter:data2\" content=\"1 minute\" \/>\n<script type=\"application\/ld+json\" class=\"yoast-schema-graph\">{\"@context\":\"https:\/\/schema.org\",\"@graph\":[{\"@type\":\"WebPage\",\"@id\":\"https:\/\/rockandsports.com.ar\/index.php\/2023\/04\/25\/olimpico-comenzo-con-el-pie-izquierdo-la-serie-de-reclasificacion\/\",\"url\":\"https:\/\/rockandsports.com.ar\/index.php\/2023\/04\/25\/olimpico-comenzo-con-el-pie-izquierdo-la-serie-de-reclasificacion\/\",\"name\":\"Ol\u00edmpico comenz\u00f3 con el pie izquierdo la serie de reclasificaci\u00f3n - Radio Rock and Sports\",\"isPartOf\":{\"@id\":\"https:\/\/rockandsports.com.ar\/#website\"},\"datePublished\":\"2023-04-25T13:23:08+00:00\",\"dateModified\":\"2023-04-25T13:23:08+00:00\",\"author\":{\"@id\":\"https:\/\/rockandsports.com.ar\/#\/schema\/person\/b8fe5cae2a04cbff6a8561d60ee04157\"},\"breadcrumb\":{\"@id\":\"https:\/\/rockandsports.com.ar\/index.php\/2023\/04\/25\/olimpico-comenzo-con-el-pie-izquierdo-la-serie-de-reclasificacion\/#breadcrumb\"},\"inLanguage\":\"en-US\",\"potentialAction\":[{\"@type\":\"ReadAction\",\"target\":[\"https:\/\/rockandsports.com.ar\/index.php\/2023\/04\/25\/olimpico-comenzo-con-el-pie-izquierdo-la-serie-de-reclasificacion\/\"]}]},{\"@type\":\"BreadcrumbList\",\"@id\":\"https:\/\/rockandsports.com.ar\/index.php\/2023\/04\/25\/olimpico-comenzo-con-el-pie-izquierdo-la-serie-de-reclasificacion\/#breadcrumb\",\"itemListElement\":[{\"@type\":\"ListItem\",\"position\":1,\"name\":\"Portada\",\"item\":\"https:\/\/rockandsports.com.ar\/\"},{\"@type\":\"ListItem\",\"position\":2,\"name\":\"Ol\u00edmpico comenz\u00f3 con el pie izquierdo la serie de reclasificaci\u00f3n\"}]},{\"@type\":\"WebSite\",\"@id\":\"https:\/\/rockandsports.com.ar\/#website\",\"url\":\"https:\/\/rockandsports.com.ar\/\",\"name\":\"Radio Rock and Sports\",\"description\":\"\",\"potentialAction\":[{\"@type\":\"SearchAction\",\"target\":{\"@type\":\"EntryPoint\",\"urlTemplate\":\"https:\/\/rockandsports.com.ar\/?s={search_term_string}\"},\"query-input\":{\"@type\":\"PropertyValueSpecification\",\"valueRequired\":true,\"valueName\":\"search_term_string\"}}],\"inLanguage\":\"en-US\"},{\"@type\":\"Person\",\"@id\":\"https:\/\/rockandsports.com.ar\/#\/schema\/person\/b8fe5cae2a04cbff6a8561d60ee04157\",\"name\":\"Martin Campo\",\"image\":{\"@type\":\"ImageObject\",\"inLanguage\":\"en-US\",\"@id\":\"https:\/\/rockandsports.com.ar\/#\/schema\/person\/image\/\",\"url\":\"https:\/\/secure.gravatar.com\/avatar\/223cfe0932b36f81a912f199fd08a6fe?s=96&d=retro&r=g\",\"contentUrl\":\"https:\/\/secure.gravatar.com\/avatar\/223cfe0932b36f81a912f199fd08a6fe?s=96&d=retro&r=g\",\"caption\":\"Martin Campo\"},\"url\":\"https:\/\/rockandsports.com.ar\/index.php\/author\/mcampo\/\"}]}<\/script>\n<!-- \/ Yoast SEO plugin. -->","yoast_head_json":{"title":"Ol\u00edmpico comenz\u00f3 con el pie izquierdo la serie de reclasificaci\u00f3n - Radio Rock and Sports","robots":{"index":"index","follow":"follow","max-snippet":"max-snippet:-1","max-image-preview":"max-image-preview:large","max-video-preview":"max-video-preview:-1"},"canonical":"https:\/\/rockandsports.com.ar\/index.php\/2023\/04\/25\/olimpico-comenzo-con-el-pie-izquierdo-la-serie-de-reclasificacion\/","og_locale":"en_US","og_type":"article","og_title":"Ol\u00edmpico comenz\u00f3 con el pie izquierdo la serie de reclasificaci\u00f3n - Radio Rock and Sports","og_description":"Riachuelo de La Rioja consigui\u00f3 una gran victoria por 89-73 ante Ol\u00edmpico en el primer juego de la serie de","og_url":"https:\/\/rockandsports.com.ar\/index.php\/2023\/04\/25\/olimpico-comenzo-con-el-pie-izquierdo-la-serie-de-reclasificacion\/","og_site_name":"Radio Rock and Sports","article_published_time":"2023-04-25T13:23:08+00:00","og_image":[{"width":1024,"height":682,"url":"http:\/\/rockandsports.com.ar\/wp-content\/uploads\/2023\/04\/FuhyO03WwAAcb0g.jpg","type":"image\/jpeg"}],"author":"Martin Campo","twitter_card":"summary_large_image","twitter_misc":{"Written by":"Martin Campo","Est. reading time":"1 minute"},"schema":{"@context":"https:\/\/schema.org","@graph":[{"@type":"WebPage","@id":"https:\/\/rockandsports.com.ar\/index.php\/2023\/04\/25\/olimpico-comenzo-con-el-pie-izquierdo-la-serie-de-reclasificacion\/","url":"https:\/\/rockandsports.com.ar\/index.php\/2023\/04\/25\/olimpico-comenzo-con-el-pie-izquierdo-la-serie-de-reclasificacion\/","name":"Ol\u00edmpico comenz\u00f3 con el pie izquierdo la serie de reclasificaci\u00f3n - Radio Rock and Sports","isPartOf":{"@id":"https:\/\/rockandsports.com.ar\/#website"},"datePublished":"2023-04-25T13:23:08+00:00","dateModified":"2023-04-25T13:23:08+00:00","author":{"@id":"https:\/\/rockandsports.com.ar\/#\/schema\/person\/b8fe5cae2a04cbff6a8561d60ee04157"},"breadcrumb":{"@id":"https:\/\/rockandsports.com.ar\/index.php\/2023\/04\/25\/olimpico-comenzo-con-el-pie-izquierdo-la-serie-de-reclasificacion\/#breadcrumb"},"inLanguage":"en-US","potentialAction":[{"@type":"ReadAction","target":["https:\/\/rockandsports.com.ar\/index.php\/2023\/04\/25\/olimpico-comenzo-con-el-pie-izquierdo-la-serie-de-reclasificacion\/"]}]},{"@type":"BreadcrumbList","@id":"https:\/\/rockandsports.com.ar\/index.php\/2023\/04\/25\/olimpico-comenzo-con-el-pie-izquierdo-la-serie-de-reclasificacion\/#breadcrumb","itemListElement":[{"@type":"ListItem","position":1,"name":"Portada","item":"https:\/\/rockandsports.com.ar\/"},{"@type":"ListItem","position":2,"name":"Ol\u00edmpico comenz\u00f3 con el pie izquierdo la serie de reclasificaci\u00f3n"}]},{"@type":"WebSite","@id":"https:\/\/rockandsports.com.ar\/#website","url":"https:\/\/rockandsports.com.ar\/","name":"Radio Rock and Sports","description":"","potentialAction":[{"@type":"SearchAction","target":{"@type":"EntryPoint","urlTemplate":"https:\/\/rockandsports.com.ar\/?s={search_term_string}"},"query-input":{"@type":"PropertyValueSpecification","valueRequired":true,"valueName":"search_term_string"}}],"inLanguage":"en-US"},{"@type":"Person","@id":"https:\/\/rockandsports.com.ar\/#\/schema\/person\/b8fe5cae2a04cbff6a8561d60ee04157","name":"Martin Campo","image":{"@type":"ImageObject","inLanguage":"en-US","@id":"https:\/\/rockandsports.com.ar\/#\/schema\/person\/image\/","url":"https:\/\/secure.gravatar.com\/avatar\/223cfe0932b36f81a912f199fd08a6fe?s=96&d=retro&r=g","contentUrl":"https:\/\/secure.gravatar.com\/avatar\/223cfe0932b36f81a912f199fd08a6fe?s=96&d=retro&r=g","caption":"Martin Campo"},"url":"https:\/\/rockandsports.com.ar\/index.php\/author\/mcampo\/"}]}},"_links":{"self":[{"href":"https:\/\/rockandsports.com.ar\/index.php\/wp-json\/wp\/v2\/posts\/1481","targetHints":{"allow":["GET"]}}],"collection":[{"href":"https:\/\/rockandsports.com.ar\/index.php\/wp-json\/wp\/v2\/posts"}],"about":[{"href":"https:\/\/rockandsports.com.ar\/index.php\/wp-json\/wp\/v2\/types\/post"}],"author":[{"embeddable":true,"href":"https:\/\/rockandsports.com.ar\/index.php\/wp-json\/wp\/v2\/users\/4"}],"replies":[{"embeddable":true,"href":"https:\/\/rockandsports.com.ar\/index.php\/wp-json\/wp\/v2\/comments?post=1481"}],"version-history":[{"count":1,"href":"https:\/\/rockandsports.com.ar\/index.php\/wp-json\/wp\/v2\/posts\/1481\/revisions"}],"predecessor-version":[{"id":1483,"href":"https:\/\/rockandsports.com.ar\/index.php\/wp-json\/wp\/v2\/posts\/1481\/revisions\/1483"}],"wp:attachment":[{"href":"https:\/\/rockandsports.com.ar\/index.php\/wp-json\/wp\/v2\/media?parent=1481"}],"wp:term":[{"taxonomy":"category","embeddable":true,"href":"https:\/\/rockandsports.com.ar\/index.php\/wp-json\/wp\/v2\/categories?post=1481"},{"taxonomy":"post_tag","embeddable":true,"href":"https:\/\/rockandsports.com.ar\/index.php\/wp-json\/wp\/v2\/tags?post=1481"}],"curies":[{"name":"wp","href":"https:\/\/api.w.org\/{rel}","templated":true}]}}