{"id":1478,"date":"2023-04-25T13:11:44","date_gmt":"2023-04-25T13:11:44","guid":{"rendered":"https:\/\/rockandsports.com.ar\/?p=1478"},"modified":"2023-04-25T13:11:44","modified_gmt":"2023-04-25T13:11:44","slug":"marco-trungelliti-esta-en-8vos-de-final-del-challenger-de-roma","status":"publish","type":"post","link":"https:\/\/rockandsports.com.ar\/index.php\/2023\/04\/25\/marco-trungelliti-esta-en-8vos-de-final-del-challenger-de-roma\/","title":{"rendered":"Marco Trungelliti est\u00e1 en 8vos de final del Challenger de Roma"},"content":{"rendered":"\n<p>Marco Trungelliti\u00a0avanz\u00f3 a los octavos de final del\u00a0Challenger de Roma, al vencer en el debut al jugador local\u00a0Federico Arnaboldi\u00a0por 6-4 y 6-3, en una hora y 27 minutos.<\/p>\n\n\n\n<p>El santiague\u00f1o, situado en el puesto 236 del ranking mundial de la ATP, confrontar\u00e1 contra el vencedor del cruce entre los italianos Giovanni Fonio (304) y Mattia Bellucci (165), quienes jugar\u00e1n ma\u00f1ana.<\/p>\n\n\n\n<p>El Challenger de Roma, repartir\u00e1 un total de 73.000 euros en premios.<\/p>\n","protected":false},"excerpt":{"rendered":"<p>Marco Trungelliti\u00a0avanz\u00f3 a los octavos de final del\u00a0Challenger de Roma, al vencer en el debut al jugador local\u00a0Federico Arnaboldi\u00a0por 6-4<\/p>\n","protected":false},"author":4,"featured_media":0,"comment_status":"open","ping_status":"open","sticky":false,"template":"","format":"standard","meta":{"footnotes":""},"categories":[4,6,1],"tags":[99,89],"class_list":["post-1478","post","type-post","status-publish","format-standard","hentry","category-deporte","category-noticias","category-tenis","tag-marco","tag-tenis"],"yoast_head":"<!-- This site is optimized with the Yoast SEO plugin v23.8 - https:\/\/yoast.com\/wordpress\/plugins\/seo\/ -->\n<title>Marco Trungelliti est\u00e1 en 8vos de final del Challenger de Roma - Radio Rock and Sports<\/title>\n<meta name=\"robots\" content=\"index, follow, max-snippet:-1, max-image-preview:large, max-video-preview:-1\" \/>\n<link rel=\"canonical\" href=\"https:\/\/rockandsports.com.ar\/index.php\/2023\/04\/25\/marco-trungelliti-esta-en-8vos-de-final-del-challenger-de-roma\/\" \/>\n<meta property=\"og:locale\" content=\"en_US\" \/>\n<meta property=\"og:type\" content=\"article\" \/>\n<meta property=\"og:title\" content=\"Marco Trungelliti est\u00e1 en 8vos de final del Challenger de Roma - Radio Rock and Sports\" \/>\n<meta property=\"og:description\" content=\"Marco Trungelliti\u00a0avanz\u00f3 a los octavos de final del\u00a0Challenger de Roma, al vencer en el debut al jugador local\u00a0Federico Arnaboldi\u00a0por 6-4\" \/>\n<meta property=\"og:url\" content=\"https:\/\/rockandsports.com.ar\/index.php\/2023\/04\/25\/marco-trungelliti-esta-en-8vos-de-final-del-challenger-de-roma\/\" \/>\n<meta property=\"og:site_name\" content=\"Radio Rock and Sports\" \/>\n<meta property=\"article:published_time\" content=\"2023-04-25T13:11:44+00:00\" \/>\n<meta property=\"og:image\" content=\"http:\/\/rockandsports.com.ar\/wp-content\/uploads\/2023\/04\/2017_US_Open_Tennis_-_Qualifying_Rounds_-_Alejandro_Gonzalez_COL_def._Marco_Trungelliti_ARG_37090889985-scaled.jpg\" \/>\n\t<meta property=\"og:image:width\" content=\"2560\" \/>\n\t<meta property=\"og:image:height\" content=\"1707\" \/>\n\t<meta property=\"og:image:type\" content=\"image\/jpeg\" \/>\n<meta name=\"author\" content=\"Martin Campo\" \/>\n<meta name=\"twitter:card\" content=\"summary_large_image\" \/>\n<meta name=\"twitter:label1\" content=\"Written by\" \/>\n\t<meta name=\"twitter:data1\" content=\"Martin Campo\" \/>\n\t<meta name=\"twitter:label2\" content=\"Est. reading time\" \/>\n\t<meta name=\"twitter:data2\" content=\"1 minute\" \/>\n<script type=\"application\/ld+json\" class=\"yoast-schema-graph\">{\"@context\":\"https:\/\/schema.org\",\"@graph\":[{\"@type\":\"WebPage\",\"@id\":\"https:\/\/rockandsports.com.ar\/index.php\/2023\/04\/25\/marco-trungelliti-esta-en-8vos-de-final-del-challenger-de-roma\/\",\"url\":\"https:\/\/rockandsports.com.ar\/index.php\/2023\/04\/25\/marco-trungelliti-esta-en-8vos-de-final-del-challenger-de-roma\/\",\"name\":\"Marco Trungelliti est\u00e1 en 8vos de final del Challenger de Roma - Radio Rock and Sports\",\"isPartOf\":{\"@id\":\"https:\/\/rockandsports.com.ar\/#website\"},\"datePublished\":\"2023-04-25T13:11:44+00:00\",\"dateModified\":\"2023-04-25T13:11:44+00:00\",\"author\":{\"@id\":\"https:\/\/rockandsports.com.ar\/#\/schema\/person\/b8fe5cae2a04cbff6a8561d60ee04157\"},\"breadcrumb\":{\"@id\":\"https:\/\/rockandsports.com.ar\/index.php\/2023\/04\/25\/marco-trungelliti-esta-en-8vos-de-final-del-challenger-de-roma\/#breadcrumb\"},\"inLanguage\":\"en-US\",\"potentialAction\":[{\"@type\":\"ReadAction\",\"target\":[\"https:\/\/rockandsports.com.ar\/index.php\/2023\/04\/25\/marco-trungelliti-esta-en-8vos-de-final-del-challenger-de-roma\/\"]}]},{\"@type\":\"BreadcrumbList\",\"@id\":\"https:\/\/rockandsports.com.ar\/index.php\/2023\/04\/25\/marco-trungelliti-esta-en-8vos-de-final-del-challenger-de-roma\/#breadcrumb\",\"itemListElement\":[{\"@type\":\"ListItem\",\"position\":1,\"name\":\"Portada\",\"item\":\"https:\/\/rockandsports.com.ar\/\"},{\"@type\":\"ListItem\",\"position\":2,\"name\":\"Marco Trungelliti est\u00e1 en 8vos de final del Challenger de Roma\"}]},{\"@type\":\"WebSite\",\"@id\":\"https:\/\/rockandsports.com.ar\/#website\",\"url\":\"https:\/\/rockandsports.com.ar\/\",\"name\":\"Radio Rock and Sports\",\"description\":\"\",\"potentialAction\":[{\"@type\":\"SearchAction\",\"target\":{\"@type\":\"EntryPoint\",\"urlTemplate\":\"https:\/\/rockandsports.com.ar\/?s={search_term_string}\"},\"query-input\":{\"@type\":\"PropertyValueSpecification\",\"valueRequired\":true,\"valueName\":\"search_term_string\"}}],\"inLanguage\":\"en-US\"},{\"@type\":\"Person\",\"@id\":\"https:\/\/rockandsports.com.ar\/#\/schema\/person\/b8fe5cae2a04cbff6a8561d60ee04157\",\"name\":\"Martin Campo\",\"image\":{\"@type\":\"ImageObject\",\"inLanguage\":\"en-US\",\"@id\":\"https:\/\/rockandsports.com.ar\/#\/schema\/person\/image\/\",\"url\":\"https:\/\/secure.gravatar.com\/avatar\/223cfe0932b36f81a912f199fd08a6fe?s=96&d=retro&r=g\",\"contentUrl\":\"https:\/\/secure.gravatar.com\/avatar\/223cfe0932b36f81a912f199fd08a6fe?s=96&d=retro&r=g\",\"caption\":\"Martin Campo\"},\"url\":\"https:\/\/rockandsports.com.ar\/index.php\/author\/mcampo\/\"}]}<\/script>\n<!-- \/ Yoast SEO plugin. -->","yoast_head_json":{"title":"Marco Trungelliti est\u00e1 en 8vos de final del Challenger de Roma - Radio Rock and Sports","robots":{"index":"index","follow":"follow","max-snippet":"max-snippet:-1","max-image-preview":"max-image-preview:large","max-video-preview":"max-video-preview:-1"},"canonical":"https:\/\/rockandsports.com.ar\/index.php\/2023\/04\/25\/marco-trungelliti-esta-en-8vos-de-final-del-challenger-de-roma\/","og_locale":"en_US","og_type":"article","og_title":"Marco Trungelliti est\u00e1 en 8vos de final del Challenger de Roma - Radio Rock and Sports","og_description":"Marco Trungelliti\u00a0avanz\u00f3 a los octavos de final del\u00a0Challenger de Roma, al vencer en el debut al jugador local\u00a0Federico Arnaboldi\u00a0por 6-4","og_url":"https:\/\/rockandsports.com.ar\/index.php\/2023\/04\/25\/marco-trungelliti-esta-en-8vos-de-final-del-challenger-de-roma\/","og_site_name":"Radio Rock and Sports","article_published_time":"2023-04-25T13:11:44+00:00","og_image":[{"width":2560,"height":1707,"url":"http:\/\/rockandsports.com.ar\/wp-content\/uploads\/2023\/04\/2017_US_Open_Tennis_-_Qualifying_Rounds_-_Alejandro_Gonzalez_COL_def._Marco_Trungelliti_ARG_37090889985-scaled.jpg","type":"image\/jpeg"}],"author":"Martin Campo","twitter_card":"summary_large_image","twitter_misc":{"Written by":"Martin Campo","Est. reading time":"1 minute"},"schema":{"@context":"https:\/\/schema.org","@graph":[{"@type":"WebPage","@id":"https:\/\/rockandsports.com.ar\/index.php\/2023\/04\/25\/marco-trungelliti-esta-en-8vos-de-final-del-challenger-de-roma\/","url":"https:\/\/rockandsports.com.ar\/index.php\/2023\/04\/25\/marco-trungelliti-esta-en-8vos-de-final-del-challenger-de-roma\/","name":"Marco Trungelliti est\u00e1 en 8vos de final del Challenger de Roma - Radio Rock and Sports","isPartOf":{"@id":"https:\/\/rockandsports.com.ar\/#website"},"datePublished":"2023-04-25T13:11:44+00:00","dateModified":"2023-04-25T13:11:44+00:00","author":{"@id":"https:\/\/rockandsports.com.ar\/#\/schema\/person\/b8fe5cae2a04cbff6a8561d60ee04157"},"breadcrumb":{"@id":"https:\/\/rockandsports.com.ar\/index.php\/2023\/04\/25\/marco-trungelliti-esta-en-8vos-de-final-del-challenger-de-roma\/#breadcrumb"},"inLanguage":"en-US","potentialAction":[{"@type":"ReadAction","target":["https:\/\/rockandsports.com.ar\/index.php\/2023\/04\/25\/marco-trungelliti-esta-en-8vos-de-final-del-challenger-de-roma\/"]}]},{"@type":"BreadcrumbList","@id":"https:\/\/rockandsports.com.ar\/index.php\/2023\/04\/25\/marco-trungelliti-esta-en-8vos-de-final-del-challenger-de-roma\/#breadcrumb","itemListElement":[{"@type":"ListItem","position":1,"name":"Portada","item":"https:\/\/rockandsports.com.ar\/"},{"@type":"ListItem","position":2,"name":"Marco Trungelliti est\u00e1 en 8vos de final del Challenger de Roma"}]},{"@type":"WebSite","@id":"https:\/\/rockandsports.com.ar\/#website","url":"https:\/\/rockandsports.com.ar\/","name":"Radio Rock and Sports","description":"","potentialAction":[{"@type":"SearchAction","target":{"@type":"EntryPoint","urlTemplate":"https:\/\/rockandsports.com.ar\/?s={search_term_string}"},"query-input":{"@type":"PropertyValueSpecification","valueRequired":true,"valueName":"search_term_string"}}],"inLanguage":"en-US"},{"@type":"Person","@id":"https:\/\/rockandsports.com.ar\/#\/schema\/person\/b8fe5cae2a04cbff6a8561d60ee04157","name":"Martin Campo","image":{"@type":"ImageObject","inLanguage":"en-US","@id":"https:\/\/rockandsports.com.ar\/#\/schema\/person\/image\/","url":"https:\/\/secure.gravatar.com\/avatar\/223cfe0932b36f81a912f199fd08a6fe?s=96&d=retro&r=g","contentUrl":"https:\/\/secure.gravatar.com\/avatar\/223cfe0932b36f81a912f199fd08a6fe?s=96&d=retro&r=g","caption":"Martin Campo"},"url":"https:\/\/rockandsports.com.ar\/index.php\/author\/mcampo\/"}]}},"_links":{"self":[{"href":"https:\/\/rockandsports.com.ar\/index.php\/wp-json\/wp\/v2\/posts\/1478","targetHints":{"allow":["GET"]}}],"collection":[{"href":"https:\/\/rockandsports.com.ar\/index.php\/wp-json\/wp\/v2\/posts"}],"about":[{"href":"https:\/\/rockandsports.com.ar\/index.php\/wp-json\/wp\/v2\/types\/post"}],"author":[{"embeddable":true,"href":"https:\/\/rockandsports.com.ar\/index.php\/wp-json\/wp\/v2\/users\/4"}],"replies":[{"embeddable":true,"href":"https:\/\/rockandsports.com.ar\/index.php\/wp-json\/wp\/v2\/comments?post=1478"}],"version-history":[{"count":1,"href":"https:\/\/rockandsports.com.ar\/index.php\/wp-json\/wp\/v2\/posts\/1478\/revisions"}],"predecessor-version":[{"id":1480,"href":"https:\/\/rockandsports.com.ar\/index.php\/wp-json\/wp\/v2\/posts\/1478\/revisions\/1480"}],"wp:attachment":[{"href":"https:\/\/rockandsports.com.ar\/index.php\/wp-json\/wp\/v2\/media?parent=1478"}],"wp:term":[{"taxonomy":"category","embeddable":true,"href":"https:\/\/rockandsports.com.ar\/index.php\/wp-json\/wp\/v2\/categories?post=1478"},{"taxonomy":"post_tag","embeddable":true,"href":"https:\/\/rockandsports.com.ar\/index.php\/wp-json\/wp\/v2\/tags?post=1478"}],"curies":[{"name":"wp","href":"https:\/\/api.w.org\/{rel}","templated":true}]}}